{"id":9946,"date":"2020-11-05T09:48:47","date_gmt":"2020-11-05T09:48:47","guid":{"rendered":"http:\/\/radiokfor.com\/2\/?p=9946"},"modified":"2020-11-05T09:48:47","modified_gmt":"2020-11-05T09:48:47","slug":"prifest-odredio-datume-za-svoje-13-izdanje","status":"publish","type":"post","link":"https:\/\/radiokfor.com\/2\/prifest-odredio-datume-za-svoje-13-izdanje\/","title":{"rendered":"PriFest odredio datume za svoje 13. izdanje"},"content":{"rendered":"<p>Me\u0111unarodni filmski festival iz Pri\u0161tine PriFest, prvog novembra je otvorio konkurs za 13. izdanje koje \u0107e biti odr\u017eano jula 2021. godine.<\/p>\n<p>Usled pandemije Covid-19, ove godine je organizacija bila ne\u0161to druga\u010dija, te su sve projekcije bile prikazane na otvorenom na nekoliko lokacija u Pri\u0161tini uz ograni\u010den broj posetilaca. Prvog \u00a0novembra, otvoren je konkurs za 13. izdanje PriFesta putem platformi, FilmFreevai i FestHome. Ne\u0161to vi\u0161e o na\u010dinu prijavljivanja i samom festivalu, saznali smo od direktorke festivala, Vjose Beri\u0161e.<\/p>\n<p>\u201eNakon zavr\u0161etka 12. izdanja PriFesta, krenuli smo sa pripremama za 13. koje c\u0301e biti odr\u017eano u periodu izme\u0111u 13 i 18. jula 2021. godine. Nadamo se da c\u0301e naredno izdanje biti odr\u017eano uz prisustvo publike i da \u0107e se situacija sa pandemijom smiriti. Konkurs je otvoren na globalnom nivou, tako da o\u010dekujemo filmove iz celog sveta\u201d.<\/p>\n<p>Naredne izdanje PriFest-a, donosi i par novina, putem kojih \u0107e svi posetioci imati prilike da se upoznaju sa evropskim kratkometra\u017enim filmovima kao i komedijama.<\/p>\n","protected":false},"excerpt":{"rendered":"<p>Me\u0111unarodni filmski festival iz Pri\u0161tine PriFest, prvog novembra je otvorio konkurs za 13. izdanje koje \u0107e biti odr\u017eano jula 2021. godine. Usled pandemije Covid-19, ove godine je organizacija bila ne\u0161to druga\u010dija, te su sve projekcije bile prikazane na otvorenom na nekoliko lokacija u Pri\u0161tini uz ograni\u010den broj posetilaca. Prvog \u00a0novembra, otvoren je konkurs za 13.&hellip;<\/p>\n","protected":false},"author":2,"featured_media":9947,"comment_status":"closed","ping_status":"closed","sticky":false,"template":"","format":"standard","meta":{"footnotes":""},"categories":[2],"tags":[2593,1143,2454,197],"class_list":["post-9946","post","type-post","status-publish","format-standard","has-post-thumbnail","hentry","category-news","tag-filmfestival","tag-k4radio","tag-prifest","tag-pristina","category-2","description-off"],"_links":{"self":[{"href":"https:\/\/radiokfor.com\/2\/wp-json\/wp\/v2\/posts\/9946","targetHints":{"allow":["GET"]}}],"collection":[{"href":"https:\/\/radiokfor.com\/2\/wp-json\/wp\/v2\/posts"}],"about":[{"href":"https:\/\/radiokfor.com\/2\/wp-json\/wp\/v2\/types\/post"}],"author":[{"embeddable":true,"href":"https:\/\/radiokfor.com\/2\/wp-json\/wp\/v2\/users\/2"}],"replies":[{"embeddable":true,"href":"https:\/\/radiokfor.com\/2\/wp-json\/wp\/v2\/comments?post=9946"}],"version-history":[{"count":1,"href":"https:\/\/radiokfor.com\/2\/wp-json\/wp\/v2\/posts\/9946\/revisions"}],"predecessor-version":[{"id":9948,"href":"https:\/\/radiokfor.com\/2\/wp-json\/wp\/v2\/posts\/9946\/revisions\/9948"}],"wp:featuredmedia":[{"embeddable":true,"href":"https:\/\/radiokfor.com\/2\/wp-json\/wp\/v2\/media\/9947"}],"wp:attachment":[{"href":"https:\/\/radiokfor.com\/2\/wp-json\/wp\/v2\/media?parent=9946"}],"wp:term":[{"taxonomy":"category","embeddable":true,"href":"https:\/\/radiokfor.com\/2\/wp-json\/wp\/v2\/categories?post=9946"},{"taxonomy":"post_tag","embeddable":true,"href":"https:\/\/radiokfor.com\/2\/wp-json\/wp\/v2\/tags?post=9946"}],"curies":[{"name":"wp","href":"https:\/\/api.w.org\/{rel}","templated":true}]}}