{"id":9874,"date":"2020-10-31T09:23:16","date_gmt":"2020-10-31T09:23:16","guid":{"rendered":"http:\/\/radiokfor.com\/2\/?p=9874"},"modified":"2020-10-31T09:23:16","modified_gmt":"2020-10-31T09:23:16","slug":"brazilija-ceka-da-je-otkrijete","status":"publish","type":"post","link":"https:\/\/radiokfor.com\/2\/brazilija-ceka-da-je-otkrijete\/","title":{"rendered":"Brazilija \u010deka da je otkrijete"},"content":{"rendered":"<p>Brazilija, dana\u0161nji glavni grad Brazila, osnovan je u aprilu 1960. godine, upravo da bi slu\u017eio kao novi glavni grad. Brazilija je danas jedan od najve\u0107ih gradova ove dr\u017eave i u njemu se nalazi ve\u0107ina glavnih dr\u017eavnih institucija.<\/p>\n<p>Grad su projektovali urbanista <strong>Lusio Ko\u0161ta<\/strong>, arhitekta <strong>Oskar Nimajer<\/strong> i pejza\u017eni arhitekta <strong>Roberto Burl<\/strong> Marks. Plan grada ima oblik ptice ra\u0161irenih krila, u \u010dijem telu se nalaze najzna\u010dajnije upravne i javne zgrade, dok su u krilima stambeni blokovi. Me\u0111u znamenitostima se isti\u010du <strong>Palata Parlamenta Brazila<\/strong> na <strong>Trgu tri vlasti<\/strong>, televizijski toranj koji je visok 218 m, gradska katedrala, <strong>Kubi\u010dekov most<\/strong> i predsedni\u010dka palata <strong><em>Palacio Alvorade<\/em><\/strong>.<\/p>\n<p>Brazilija je jedini grad na svetu koji je izgra\u0111en u 20. veku, a da je stavljen na Uneskovu listu svetske ba\u0161tine 1987. godine. Brazilija je kosmopolitski grad, doma\u0107in za oko 90 ambasada, mesto koje ima \u0161irok spektar restorana i kompletnu infrastrukturu za organizovanje bilo koje manifestacije.<\/p>\n","protected":false},"excerpt":{"rendered":"<p>Brazilija, dana\u0161nji glavni grad Brazila, osnovan je u aprilu 1960. godine, upravo da bi slu\u017eio kao novi glavni grad. Brazilija je danas jedan od najve\u0107ih gradova ove dr\u017eave i u njemu se nalazi ve\u0107ina glavnih dr\u017eavnih institucija. Grad su projektovali urbanista Lusio Ko\u0161ta, arhitekta Oskar Nimajer i pejza\u017eni arhitekta Roberto Burl Marks. Plan grada ima&hellip;<\/p>\n","protected":false},"author":2,"featured_media":9876,"comment_status":"closed","ping_status":"closed","sticky":false,"template":"","format":"standard","meta":{"footnotes":""},"categories":[2],"tags":[2585],"class_list":["post-9874","post","type-post","status-publish","format-standard","has-post-thumbnail","hentry","category-news","tag-brazilija","category-2","description-off"],"_links":{"self":[{"href":"https:\/\/radiokfor.com\/2\/wp-json\/wp\/v2\/posts\/9874","targetHints":{"allow":["GET"]}}],"collection":[{"href":"https:\/\/radiokfor.com\/2\/wp-json\/wp\/v2\/posts"}],"about":[{"href":"https:\/\/radiokfor.com\/2\/wp-json\/wp\/v2\/types\/post"}],"author":[{"embeddable":true,"href":"https:\/\/radiokfor.com\/2\/wp-json\/wp\/v2\/users\/2"}],"replies":[{"embeddable":true,"href":"https:\/\/radiokfor.com\/2\/wp-json\/wp\/v2\/comments?post=9874"}],"version-history":[{"count":1,"href":"https:\/\/radiokfor.com\/2\/wp-json\/wp\/v2\/posts\/9874\/revisions"}],"predecessor-version":[{"id":9877,"href":"https:\/\/radiokfor.com\/2\/wp-json\/wp\/v2\/posts\/9874\/revisions\/9877"}],"wp:featuredmedia":[{"embeddable":true,"href":"https:\/\/radiokfor.com\/2\/wp-json\/wp\/v2\/media\/9876"}],"wp:attachment":[{"href":"https:\/\/radiokfor.com\/2\/wp-json\/wp\/v2\/media?parent=9874"}],"wp:term":[{"taxonomy":"category","embeddable":true,"href":"https:\/\/radiokfor.com\/2\/wp-json\/wp\/v2\/categories?post=9874"},{"taxonomy":"post_tag","embeddable":true,"href":"https:\/\/radiokfor.com\/2\/wp-json\/wp\/v2\/tags?post=9874"}],"curies":[{"name":"wp","href":"https:\/\/api.w.org\/{rel}","templated":true}]}}