{"id":9797,"date":"2020-10-27T00:00:35","date_gmt":"2020-10-27T00:00:35","guid":{"rendered":"http:\/\/radiokfor.com\/2\/?p=9797"},"modified":"2020-10-26T09:20:16","modified_gmt":"2020-10-26T09:20:16","slug":"likovna-kolonija-u-kamenici","status":"publish","type":"post","link":"https:\/\/radiokfor.com\/2\/likovna-kolonija-u-kamenici\/","title":{"rendered":"Likovna kolonija u Kamenici"},"content":{"rendered":"<p>Kulturno skloni\u0161te KRIK nastoji da, shodno svom cilju koji se ogleda u promociji nauke, kulture i umetnosti, taj trend odr\u017ei i dalje.<\/p>\n<p>Predstavnik ovog skloni\u0161ta Slobodan Miljkovi\u0107 podse\u0107a da su do sada organizovali desetak kolonija, ali ova koja prestoji, likovna kolonija, bi\u0107e druga\u010dija zbog pandemiolo\u0161ke situacije.<\/p>\n<p><em>\u201eU razgovoru sa likovnim stvaraocima dogovoreno je da se obi\u0111e uobi\u010dajen tok, te\u00a0 \u0107e se kolonija odr\u017eati u prirodi i u ku\u0107nim uslovima, shodno preporukama zdravstvenih stru\u010dnjaka. Sama tema kolonije izostaje, ve\u0107 je \u017eelja da se umetnici potpuno slobodno izraze kroz tehnike i motive koji su njima najbli\u017ei.\u201c<\/em><\/p>\n<p>Na ovoj likovnoj koloniji u\u010destvova\u0107e: Marija Mojovi\u0107 Filipovi\u0107, Boban Filipovi\u0107, Milorad Stoilkovi\u0107, Slavi\u0161a Mihajlovi\u0107, Lazar Aleksi\u0107, Veselj Saliji i \u0110or\u0111e Stankovi\u0107, a zajedni\u010dko im je to da su svi iz Kamenice.<\/p>\n","protected":false},"excerpt":{"rendered":"<p>Kulturno skloni\u0161te KRIK nastoji da, shodno svom cilju koji se ogleda u promociji nauke, kulture i umetnosti, taj trend odr\u017ei i dalje. Predstavnik ovog skloni\u0161ta Slobodan Miljkovi\u0107 podse\u0107a da su do sada organizovali desetak kolonija, ali ova koja prestoji, likovna kolonija, bi\u0107e druga\u010dija zbog pandemiolo\u0161ke situacije. \u201eU razgovoru sa likovnim stvaraocima dogovoreno je da se&hellip;<\/p>\n","protected":false},"author":2,"featured_media":9800,"comment_status":"closed","ping_status":"closed","sticky":false,"template":"","format":"standard","meta":{"footnotes":""},"categories":[2],"tags":[],"class_list":["post-9797","post","type-post","status-publish","format-standard","has-post-thumbnail","hentry","category-news","category-2","description-off"],"_links":{"self":[{"href":"https:\/\/radiokfor.com\/2\/wp-json\/wp\/v2\/posts\/9797","targetHints":{"allow":["GET"]}}],"collection":[{"href":"https:\/\/radiokfor.com\/2\/wp-json\/wp\/v2\/posts"}],"about":[{"href":"https:\/\/radiokfor.com\/2\/wp-json\/wp\/v2\/types\/post"}],"author":[{"embeddable":true,"href":"https:\/\/radiokfor.com\/2\/wp-json\/wp\/v2\/users\/2"}],"replies":[{"embeddable":true,"href":"https:\/\/radiokfor.com\/2\/wp-json\/wp\/v2\/comments?post=9797"}],"version-history":[{"count":1,"href":"https:\/\/radiokfor.com\/2\/wp-json\/wp\/v2\/posts\/9797\/revisions"}],"predecessor-version":[{"id":9799,"href":"https:\/\/radiokfor.com\/2\/wp-json\/wp\/v2\/posts\/9797\/revisions\/9799"}],"wp:featuredmedia":[{"embeddable":true,"href":"https:\/\/radiokfor.com\/2\/wp-json\/wp\/v2\/media\/9800"}],"wp:attachment":[{"href":"https:\/\/radiokfor.com\/2\/wp-json\/wp\/v2\/media?parent=9797"}],"wp:term":[{"taxonomy":"category","embeddable":true,"href":"https:\/\/radiokfor.com\/2\/wp-json\/wp\/v2\/categories?post=9797"},{"taxonomy":"post_tag","embeddable":true,"href":"https:\/\/radiokfor.com\/2\/wp-json\/wp\/v2\/tags?post=9797"}],"curies":[{"name":"wp","href":"https:\/\/api.w.org\/{rel}","templated":true}]}}