{"id":9761,"date":"2020-10-24T06:08:20","date_gmt":"2020-10-24T06:08:20","guid":{"rendered":"http:\/\/radiokfor.com\/2\/?p=9761"},"modified":"2020-10-24T06:08:20","modified_gmt":"2020-10-24T06:08:20","slug":"danas-se-obelezava-svetski-dan-informacija-o-razvoju","status":"publish","type":"post","link":"https:\/\/radiokfor.com\/2\/danas-se-obelezava-svetski-dan-informacija-o-razvoju\/","title":{"rendered":"Danas se obele\u017eava Svetski dan informacija o razvoju"},"content":{"rendered":"<p>Generalna skup\u0161tina Ujedinjenih nacija je 1972. godine odlu\u010dila da uspostavi Svetski dan informacija o razvoju koji se poklapa sa Danom Ujedinjenih nacija 24. oktobra. Cilj Generalne skup\u0161tine bio je da svake godine skrene pa\u017enju svetskog javnog mnjenja na razvojne probleme i neophodnost ja\u010danja me\u0111unarodne saradnja na njihovom re\u0161avanju.<\/p>\n<p>Konferencija UN-a o trgovini i razvoju (UNCTAD) 17. maja 1972. godine predlo\u017eila je mere za \u0161irenje informacija i mobilizaciju javnog mnjenja u vezi sa trgovinskim i razvojnim problemima. Oni su postali poznati kao rezolucija 3038, koju je Generalna skup\u0161tina UN usvojila 19. decembra 1972.<\/p>\n<p>Ova rezolucija je tra\u017eila uvo\u0111enje Svetskog dana informacija o razvoju kako bi se skrenula pa\u017enja ljudi \u0161irom sveta na razvojne probleme. Dalji cilj doga\u0111aja je da se \u0161iroj javnosti objasni za\u0161to je neophodno ja\u010dati me\u0111unarodnu saradnju kako bi se prona\u0161li na\u010dini za re\u0161avanje ovih problema.<\/p>\n","protected":false},"excerpt":{"rendered":"<p>Generalna skup\u0161tina Ujedinjenih nacija je 1972. godine odlu\u010dila da uspostavi Svetski dan informacija o razvoju koji se poklapa sa Danom Ujedinjenih nacija 24. oktobra. Cilj Generalne skup\u0161tine bio je da svake godine skrene pa\u017enju svetskog javnog mnjenja na razvojne probleme i neophodnost ja\u010danja me\u0111unarodne saradnja na njihovom re\u0161avanju. Konferencija UN-a o trgovini i razvoju (UNCTAD)&hellip;<\/p>\n","protected":false},"author":2,"featured_media":9762,"comment_status":"closed","ping_status":"closed","sticky":false,"template":"","format":"standard","meta":{"footnotes":""},"categories":[2],"tags":[2568,228],"class_list":["post-9761","post","type-post","status-publish","format-standard","has-post-thumbnail","hentry","category-news","tag-informacije-o-razvoju","tag-svetski-dan","category-2","description-off"],"_links":{"self":[{"href":"https:\/\/radiokfor.com\/2\/wp-json\/wp\/v2\/posts\/9761","targetHints":{"allow":["GET"]}}],"collection":[{"href":"https:\/\/radiokfor.com\/2\/wp-json\/wp\/v2\/posts"}],"about":[{"href":"https:\/\/radiokfor.com\/2\/wp-json\/wp\/v2\/types\/post"}],"author":[{"embeddable":true,"href":"https:\/\/radiokfor.com\/2\/wp-json\/wp\/v2\/users\/2"}],"replies":[{"embeddable":true,"href":"https:\/\/radiokfor.com\/2\/wp-json\/wp\/v2\/comments?post=9761"}],"version-history":[{"count":1,"href":"https:\/\/radiokfor.com\/2\/wp-json\/wp\/v2\/posts\/9761\/revisions"}],"predecessor-version":[{"id":9763,"href":"https:\/\/radiokfor.com\/2\/wp-json\/wp\/v2\/posts\/9761\/revisions\/9763"}],"wp:featuredmedia":[{"embeddable":true,"href":"https:\/\/radiokfor.com\/2\/wp-json\/wp\/v2\/media\/9762"}],"wp:attachment":[{"href":"https:\/\/radiokfor.com\/2\/wp-json\/wp\/v2\/media?parent=9761"}],"wp:term":[{"taxonomy":"category","embeddable":true,"href":"https:\/\/radiokfor.com\/2\/wp-json\/wp\/v2\/categories?post=9761"},{"taxonomy":"post_tag","embeddable":true,"href":"https:\/\/radiokfor.com\/2\/wp-json\/wp\/v2\/tags?post=9761"}],"curies":[{"name":"wp","href":"https:\/\/api.w.org\/{rel}","templated":true}]}}