{"id":9737,"date":"2020-10-22T07:38:45","date_gmt":"2020-10-22T07:38:45","guid":{"rendered":"http:\/\/radiokfor.com\/2\/?p=9737"},"modified":"2020-10-22T07:38:45","modified_gmt":"2020-10-22T07:38:45","slug":"mladi-grade-bolje-drustvo-na-kosovu","status":"publish","type":"post","link":"https:\/\/radiokfor.com\/2\/mladi-grade-bolje-drustvo-na-kosovu\/","title":{"rendered":"Mladi grade bolje dru\u0161tvo na Kosovu"},"content":{"rendered":"<p>Etni\u010dke, kulturne, verske i druge razlike predstavljaju lepotu i prednost jednog dru\u0161tva kao \u0161to je na\u0161e. S tim se sla\u017eu i dve mlade aktivistkinje, <strong>Tamara Vu\u010di\u0107 <\/strong>i <strong>Lorenta Kadriu<\/strong>.<\/p>\n<p>\u201eI<em>zgradnja dobrih me\u0111uetni\u010dkih odnosa, odnosno izgradnja mira i poverenja je jako bitna. Naro\u010dito ako pomislimo na sve mlade ljude koji ovde \u017eive, izgradnja kapaciteta za zajedni\u010dku saradnju se mora nastaviti, kao i uklju\u010divanje svih grupa u te procese. Prednost jednog takvog dru\u0161tva je upravo ta multikulturalnost koja nema granica, razli\u010ditost je ta iz koje mogu proiza\u0107i inovativne ideje i pristupi za re\u0161avanje problema<\/em>\u201c, rekla je <strong>Tamara Vu\u010di\u0107<\/strong>.<\/p>\n<p>Podjednak prostor za napredak i prihvatanje razli\u010ditosti je ono za \u0161ta se zala\u017ee <strong>Lorenta Kadtiu<\/strong> i dodaje:<\/p>\n<p><em>\u201eKosovsko dru\u0161tvo se nalazi u periodu tranzicije, a ve\u0107ini ljudi je te\u0161ko da prihvate razli\u010ditost kao ne\u0161to posebno. Kada ka\u017eem razli\u010ditost, mislim pre svega na etni\u010dku, kulturnu i versku. U na\u0161em dru\u0161tvu koje ima razli\u010dite izazove poput izolacije, prisustvo razli\u010ditih kultura pru\u017ea nam priliku da razvijemo svoje znanje, ali i nama da se razvijamo li\u010dno. Na\u0161e dru\u0161tvo bi trebalo da bude sre\u0107no \u0161to ima razli\u010dite i jedinstvene kulture, gde zajedno nude vrlo toplo i progresivno okru\u017eenje.\u201c<\/em><\/p>\n<p>Izgradimo bolje dru\u0161tvo, za bolju budu\u0107nost svih nas.<\/p>\n","protected":false},"excerpt":{"rendered":"<p>Etni\u010dke, kulturne, verske i druge razlike predstavljaju lepotu i prednost jednog dru\u0161tva kao \u0161to je na\u0161e. S tim se sla\u017eu i dve mlade aktivistkinje, Tamara Vu\u010di\u0107 i Lorenta Kadriu. \u201eIzgradnja dobrih me\u0111uetni\u010dkih odnosa, odnosno izgradnja mira i poverenja je jako bitna. Naro\u010dito ako pomislimo na sve mlade ljude koji ovde \u017eive, izgradnja kapaciteta za zajedni\u010dku&hellip;<\/p>\n","protected":false},"author":2,"featured_media":9738,"comment_status":"closed","ping_status":"closed","sticky":false,"template":"","format":"standard","meta":{"footnotes":""},"categories":[2],"tags":[230,2562,931],"class_list":["post-9737","post","type-post","status-publish","format-standard","has-post-thumbnail","hentry","category-news","tag-drustvo","tag-razlicitost","tag-tolerancija","category-2","description-off"],"_links":{"self":[{"href":"https:\/\/radiokfor.com\/2\/wp-json\/wp\/v2\/posts\/9737","targetHints":{"allow":["GET"]}}],"collection":[{"href":"https:\/\/radiokfor.com\/2\/wp-json\/wp\/v2\/posts"}],"about":[{"href":"https:\/\/radiokfor.com\/2\/wp-json\/wp\/v2\/types\/post"}],"author":[{"embeddable":true,"href":"https:\/\/radiokfor.com\/2\/wp-json\/wp\/v2\/users\/2"}],"replies":[{"embeddable":true,"href":"https:\/\/radiokfor.com\/2\/wp-json\/wp\/v2\/comments?post=9737"}],"version-history":[{"count":1,"href":"https:\/\/radiokfor.com\/2\/wp-json\/wp\/v2\/posts\/9737\/revisions"}],"predecessor-version":[{"id":9739,"href":"https:\/\/radiokfor.com\/2\/wp-json\/wp\/v2\/posts\/9737\/revisions\/9739"}],"wp:featuredmedia":[{"embeddable":true,"href":"https:\/\/radiokfor.com\/2\/wp-json\/wp\/v2\/media\/9738"}],"wp:attachment":[{"href":"https:\/\/radiokfor.com\/2\/wp-json\/wp\/v2\/media?parent=9737"}],"wp:term":[{"taxonomy":"category","embeddable":true,"href":"https:\/\/radiokfor.com\/2\/wp-json\/wp\/v2\/categories?post=9737"},{"taxonomy":"post_tag","embeddable":true,"href":"https:\/\/radiokfor.com\/2\/wp-json\/wp\/v2\/tags?post=9737"}],"curies":[{"name":"wp","href":"https:\/\/api.w.org\/{rel}","templated":true}]}}