{"id":959,"date":"2018-06-10T09:01:36","date_gmt":"2018-06-10T09:01:36","guid":{"rendered":"http:\/\/radiokfor.com\/2\/?p=959"},"modified":"2018-11-29T09:03:04","modified_gmt":"2018-11-29T09:03:04","slug":"nevreme-u-leposavicu-i-mitrovici","status":"publish","type":"post","link":"https:\/\/radiokfor.com\/2\/nevreme-u-leposavicu-i-mitrovici\/","title":{"rendered":"Nevreme u Leposavi\u0107u i Mitrovici!"},"content":{"rendered":"<p>Autorski bend Nevreme \u010dine \u010detvorica \u010dlanova: Du\u0161an Vasiljevi\u0107 Tesla (vokal, ritam gitara), Andrija Vlaji\u0107 (solo gitara), Aleksandar Agatonovi\u0107 (bas gitara) i Milan Veli\u010dkovic (bubanj) a oformljen je 2009 godine u Kur\u0161umliji.<\/p>\n<p>Album pod nazivom \u201cPe\u0161\u010dani sat\u201d izdat 2012. godine za izdava\u010dku ku\u0107u \u201cOne Records\u201d iz Beograda, a trenutno rade na drugom albumu, o \u010demu smo razgovarali sa predstavnikom benda, Andrijom Vlaji\u0107em.<\/p>\n<p>\u201eTrenutno snimamo drugi album koji \u0107e se zvati \u201eKoferi\u201c. Izbacili smo jednu pesmu \u201eCrni aba\u017eur\u201c \u0161to je uvertira u taj drugi album. A iz na\u0161eg li\u010dnog iskustva, dok smo svirali, mo\u017eemo re\u0107i da imamo finu podr\u0161ku publike, kako ljudi koji odavno znaju za nas tako i onih koji nas prvi put \u010duju.\u201c<\/p>\n<p>Iza njih su nastupi \u0161to solo, \u0161to klupske svirke, \u0161to veliki koncerti, kada su nastupali sa poznatim rok bendovi, a na radost ljubitelja rok muzike i fanova ovog itekako melodi\u010dnog benda, uskoro kre\u0107u sa letnjom turnejom.<\/p>\n<p>\u201eSada imamo jednu mini turneju od tri svirke, u Ra\u0161ki, Leposavi\u0107u i Mitrovici, koje \u0107e biti odr\u017eane 13., 14. i 15. juna. Po\u0161to smo studirali u Mitrovici i Leposavicu, peva\u010d Du\u0161an Vasiljevi\u0107 i ja, to nam je poznat teren i zakazali smo te svirke te kre\u0107emo lagano sa letnjom promocijom benda, \u0161to nam je svakako najvi\u0161e u interesu, a najbolja promocija su svirke. Svira\u0107emo u Leposavi\u0107u u Tali\u010dnom Tomu, u Ra\u0161ki u Rock caffe-u i u Mitrovici u Krimu. A publika mo\u017ee o\u010dekivati na\u0161e autorke stvari i neke cover pesme najpoznatijih na\u0161ih izvo\u0111a\u010da poput Kerbera, Riblje \u010corbe, Vlatka Stefanovkog itd.\u201c<\/p>\n<p>Njihova o\u010dekivanja su da nadma\u0161e album \u201ePe\u0161\u010dani sat\u201c a mi im u tome \u017eelimo puno sre\u0107e!<\/p>\n","protected":false},"excerpt":{"rendered":"<p>Autorski bend Nevreme \u010dine \u010detvorica \u010dlanova: Du\u0161an Vasiljevi\u0107 Tesla (vokal, ritam gitara), Andrija Vlaji\u0107 (solo gitara), Aleksandar Agatonovi\u0107 (bas gitara) i Milan Veli\u010dkovic (bubanj) a oformljen je 2009 godine u Kur\u0161umliji. Album pod nazivom \u201cPe\u0161\u010dani sat\u201d izdat 2012. godine za izdava\u010dku ku\u0107u \u201cOne Records\u201d iz Beograda, a trenutno rade na drugom albumu, o \u010demu smo&hellip;<\/p>\n","protected":false},"author":2,"featured_media":961,"comment_status":"open","ping_status":"open","sticky":false,"template":"","format":"standard","meta":{"footnotes":""},"categories":[2],"tags":[378,377],"class_list":["post-959","post","type-post","status-publish","format-standard","has-post-thumbnail","hentry","category-news","tag-andrija-vlajic","tag-nevreme","category-2","description-off"],"_links":{"self":[{"href":"https:\/\/radiokfor.com\/2\/wp-json\/wp\/v2\/posts\/959","targetHints":{"allow":["GET"]}}],"collection":[{"href":"https:\/\/radiokfor.com\/2\/wp-json\/wp\/v2\/posts"}],"about":[{"href":"https:\/\/radiokfor.com\/2\/wp-json\/wp\/v2\/types\/post"}],"author":[{"embeddable":true,"href":"https:\/\/radiokfor.com\/2\/wp-json\/wp\/v2\/users\/2"}],"replies":[{"embeddable":true,"href":"https:\/\/radiokfor.com\/2\/wp-json\/wp\/v2\/comments?post=959"}],"version-history":[{"count":1,"href":"https:\/\/radiokfor.com\/2\/wp-json\/wp\/v2\/posts\/959\/revisions"}],"predecessor-version":[{"id":962,"href":"https:\/\/radiokfor.com\/2\/wp-json\/wp\/v2\/posts\/959\/revisions\/962"}],"wp:featuredmedia":[{"embeddable":true,"href":"https:\/\/radiokfor.com\/2\/wp-json\/wp\/v2\/media\/961"}],"wp:attachment":[{"href":"https:\/\/radiokfor.com\/2\/wp-json\/wp\/v2\/media?parent=959"}],"wp:term":[{"taxonomy":"category","embeddable":true,"href":"https:\/\/radiokfor.com\/2\/wp-json\/wp\/v2\/categories?post=959"},{"taxonomy":"post_tag","embeddable":true,"href":"https:\/\/radiokfor.com\/2\/wp-json\/wp\/v2\/tags?post=959"}],"curies":[{"name":"wp","href":"https:\/\/api.w.org\/{rel}","templated":true}]}}