{"id":9512,"date":"2020-10-07T21:37:45","date_gmt":"2020-10-07T21:37:45","guid":{"rendered":"http:\/\/radiokfor.com\/2\/?p=9512"},"modified":"2020-10-07T21:38:16","modified_gmt":"2020-10-07T21:38:16","slug":"bez-zena-nema-odrzivog-mira-i-sigurnosti","status":"publish","type":"post","link":"https:\/\/radiokfor.com\/2\/bez-zena-nema-odrzivog-mira-i-sigurnosti\/","title":{"rendered":"Bez \u017eena nema odr\u017eivog mira i sigurnosti!"},"content":{"rendered":"<p>U sredu, 7. oktobra 2020. misija KFOR, pod vo\u0111stvom NATO-a, organizovala je video-konferenciju povodom 20 godina od Rezolucije 13\/25 Saveta bezbednosti Ujedinjenih nacija o \u017eenama, miru i bezbednosti, kako bi naglasila njenu primenu na Kosovu.<\/p>\n<p>Deo ove video konferencije bilo je 20 govornika iz institucija i me\u0111unarodnih i lokalnih organizacija. Specijalna predstavnica generalnog sekretara NATO-a, gospo\u0111a Kler Hat\u010dinson, govorila je o svom doprinosu i podelila svoja iskustva na Kosovu:<\/p>\n<p>\u201eZapravo pro\u0161lo je 20 godina od tada, i to je neverovatno. Ne bismo \u010dak ni govorili o \u017eenama, miru i sigurnosti u ovom polju bezbednosti, da nije usvojena rezolucija, a od tada imamo 10 prikupljenih rezolucija. Tako pomeramo loptu sa namerom da razgovaramo o \u017eenskoj situaciji, u dijalogu o sigurnosti i miru. Ovo je dostignuc\u0301e samo po sebi. \u010cinjenica da za nas u NATO-u imamo vi\u0161e \u017eena u rukovodstvu, \u0161to se ti\u010de ministarstava odbrane, imamo vi\u0161e anga\u017emana \u017eena u na\u0161im nacionalnim vojskama, ali opet, brojevi nisu klju\u010dni i radi se o tome da se to planira i mi smo radec\u0301i to, videli vec\u0301i anga\u017eman u planiranju i obradi, kako u vojnoj, ali tako i u politi\u010dkoj. \u017denska prava su ljudska prava \u201c.<\/p>\n<p>Komandant misije KFOR-a, general-major Mikele Risi, prisutan na video konferenciji, pomenuo je uspe\u0161ne \u017eene na Kosovu, koje su prevazi\u0161le etni\u010dke razlike, da bi sara\u0111ivale za dobrobit zajednice:<\/p>\n<p>\u201eOvde sam prona\u0161ao mnogo \u017eena na Kosovu koje rade na etni\u010dkim podelama, koje su za druge bile nepremostive, a ove \u017eene su pre\u0161le te podele, i mislim da smo kao KFOR prona\u0161li na\u010dine, i da moramo da prona\u0111emo na\u010dine, da tim \u017eenama vi\u0161e pomognemo u tome. Dali su nam pravi primer kako inkluzivni pristup dovodi do boljih re\u0161enja i pobolj\u0161ava \u0161anse za me\u0111uetni\u010dku saradnju koja je klju\u010dna za re\u0161avanje svih bezbednosnih pitanja na Kosovu.\u201c<\/p>\n<p>U poslednjih 20 godina postignut je veliki napredak u integrisanju rodne perspektive u mirovne operacije, rekla je glavni savetnik za rodna pitanja KFOR-a, major Elizabet \u0160ei\u010der, koja je dodala:<\/p>\n<p>\u201eJedan od prigovora ove rezolucije je uklju\u010divanje rodne perspektive u mirovne operacije i rezolucija 13\/25, predstavljaju osnovu za\u0161to NATO uklju\u010duje rodnu perspektivu u svoje operacije. Tako da je u poslednjih 20 godina postignut veliki napredak u integraciji rodne perspektive u civilne i vojne mirovne operacije.\u201c<\/p>\n<p>Deo dana\u0161nje video konferencije bila je i biv\u0161a predsednica Kosova Atifete Jahjaga, koja je rekla:<\/p>\n<p>\u201eDefinitivno je postignut odre\u0111eni napredak u vezi sa u\u010de\u0161c\u0301em \u017eena na vladinom i institucionalnom nivou, ali pred nama su jo\u0161 brojni izazovi kada je u pitanju osna\u017eivanja \u017eena \u201c.<\/p>\n<p>Na dana\u0161njoj video konferenciji predstavljene su kampanje koje je tim Radio KFOR-a sprovodio tokom godina u cilju promocije prava \u017eena i njihovo osna\u017eivanje. Ova konferencija je zaklju\u010dena frazom gotovo svih u\u010desnika da \u201enema odr\u017eivog mira i sigurnosti bez \u017eena\u201c.<\/p>\n","protected":false},"excerpt":{"rendered":"<p>U sredu, 7. oktobra 2020. misija KFOR, pod vo\u0111stvom NATO-a, organizovala je video-konferenciju povodom 20 godina od Rezolucije 13\/25 Saveta bezbednosti Ujedinjenih nacija o \u017eenama, miru i bezbednosti, kako bi naglasila njenu primenu na Kosovu. Deo ove video konferencije bilo je 20 govornika iz institucija i me\u0111unarodnih i lokalnih organizacija. Specijalna predstavnica generalnog sekretara NATO-a,&hellip;<\/p>\n","protected":false},"author":2,"featured_media":9513,"comment_status":"closed","ping_status":"closed","sticky":false,"template":"","format":"standard","meta":{"footnotes":""},"categories":[2],"tags":[],"class_list":["post-9512","post","type-post","status-publish","format-standard","has-post-thumbnail","hentry","category-news","category-2","description-off"],"_links":{"self":[{"href":"https:\/\/radiokfor.com\/2\/wp-json\/wp\/v2\/posts\/9512","targetHints":{"allow":["GET"]}}],"collection":[{"href":"https:\/\/radiokfor.com\/2\/wp-json\/wp\/v2\/posts"}],"about":[{"href":"https:\/\/radiokfor.com\/2\/wp-json\/wp\/v2\/types\/post"}],"author":[{"embeddable":true,"href":"https:\/\/radiokfor.com\/2\/wp-json\/wp\/v2\/users\/2"}],"replies":[{"embeddable":true,"href":"https:\/\/radiokfor.com\/2\/wp-json\/wp\/v2\/comments?post=9512"}],"version-history":[{"count":1,"href":"https:\/\/radiokfor.com\/2\/wp-json\/wp\/v2\/posts\/9512\/revisions"}],"predecessor-version":[{"id":9514,"href":"https:\/\/radiokfor.com\/2\/wp-json\/wp\/v2\/posts\/9512\/revisions\/9514"}],"wp:featuredmedia":[{"embeddable":true,"href":"https:\/\/radiokfor.com\/2\/wp-json\/wp\/v2\/media\/9513"}],"wp:attachment":[{"href":"https:\/\/radiokfor.com\/2\/wp-json\/wp\/v2\/media?parent=9512"}],"wp:term":[{"taxonomy":"category","embeddable":true,"href":"https:\/\/radiokfor.com\/2\/wp-json\/wp\/v2\/categories?post=9512"},{"taxonomy":"post_tag","embeddable":true,"href":"https:\/\/radiokfor.com\/2\/wp-json\/wp\/v2\/tags?post=9512"}],"curies":[{"name":"wp","href":"https:\/\/api.w.org\/{rel}","templated":true}]}}