{"id":9445,"date":"2020-10-03T06:31:36","date_gmt":"2020-10-03T06:31:36","guid":{"rendered":"http:\/\/radiokfor.com\/2\/?p=9445"},"modified":"2020-10-03T06:31:36","modified_gmt":"2020-10-03T06:31:36","slug":"nova-akademska-godina-pocinje-u-kombinovanom-obliku","status":"publish","type":"post","link":"https:\/\/radiokfor.com\/2\/nova-akademska-godina-pocinje-u-kombinovanom-obliku\/","title":{"rendered":"Nova akademska godina po\u010dinje u kombinovanom obliku"},"content":{"rendered":"<p>Epidemija virusa Covid 19 promenila je i redovan rad studenata na fakultetima. Mnogi fakulteti su mesecima pripremali teren za online nastavu ili za nastavu u okviru obrazovne ustanove, a sve u skladu sa trenutnom epidemiolo\u0161kom situacijom.<br \/>\nSlu\u017ebenik za informisanje na Univerzitetu u Pri\u0161tini, \u201eHasan Pri\u0161tina\u201c, Blerta Dibrani, istakla je da \u0107e nova akademska godina po\u010deti u kombinovanom obliku:<br \/>\n\u201cTrenutna odluka da se zapo\u010dne nova akademska godina je da studenti zapo\u010dnu sa kombinovanim oblikom nastave, tako da c\u0301e ona biti virtuelno i fizi\u010dki tamo gde c\u0301e biti potrebna. To se radi u cilju brige o zdravlju u\u010denika, kao i profesora. Nova akademska godina je po\u010dela sa predavanjima za ve\u0107 registrovane studente, dok za studente prve godine jo\u0161 uvek nije. Ispiti za mla\u0111e studente koji ovde poha\u0111aju studije, po\u010deli su 2. oktobra i bic\u0301e organizovani za \u010detiri dana, kako bi se po\u0161tovale mere odstojanja.\u201d<br \/>\nZbog o\u010duvanja javnog zdravlja pojedine aktivnosti \u0107e se obavljati na fakultetima, uz po\u0161tovanje mera protiv virusa Kovid-19.<br \/>\nMere, poput no\u0161enja za\u0161titnih maski i ograni\u010denog broja studenata u jednoj prostoriji, bi\u0107e aktuelne kao \u0161to su bile i tokom letnjih ispitnih rokova.<\/p>\n","protected":false},"excerpt":{"rendered":"<p>Epidemija virusa Covid 19 promenila je i redovan rad studenata na fakultetima. Mnogi fakulteti su mesecima pripremali teren za online nastavu ili za nastavu u okviru obrazovne ustanove, a sve u skladu sa trenutnom epidemiolo\u0161kom situacijom. Slu\u017ebenik za informisanje na Univerzitetu u Pri\u0161tini, \u201eHasan Pri\u0161tina\u201c, Blerta Dibrani, istakla je da \u0107e nova akademska godina po\u010deti&hellip;<\/p>\n","protected":false},"author":2,"featured_media":9446,"comment_status":"closed","ping_status":"closed","sticky":false,"template":"","format":"standard","meta":{"footnotes":""},"categories":[2],"tags":[],"class_list":["post-9445","post","type-post","status-publish","format-standard","has-post-thumbnail","hentry","category-news","category-2","description-off"],"_links":{"self":[{"href":"https:\/\/radiokfor.com\/2\/wp-json\/wp\/v2\/posts\/9445","targetHints":{"allow":["GET"]}}],"collection":[{"href":"https:\/\/radiokfor.com\/2\/wp-json\/wp\/v2\/posts"}],"about":[{"href":"https:\/\/radiokfor.com\/2\/wp-json\/wp\/v2\/types\/post"}],"author":[{"embeddable":true,"href":"https:\/\/radiokfor.com\/2\/wp-json\/wp\/v2\/users\/2"}],"replies":[{"embeddable":true,"href":"https:\/\/radiokfor.com\/2\/wp-json\/wp\/v2\/comments?post=9445"}],"version-history":[{"count":1,"href":"https:\/\/radiokfor.com\/2\/wp-json\/wp\/v2\/posts\/9445\/revisions"}],"predecessor-version":[{"id":9447,"href":"https:\/\/radiokfor.com\/2\/wp-json\/wp\/v2\/posts\/9445\/revisions\/9447"}],"wp:featuredmedia":[{"embeddable":true,"href":"https:\/\/radiokfor.com\/2\/wp-json\/wp\/v2\/media\/9446"}],"wp:attachment":[{"href":"https:\/\/radiokfor.com\/2\/wp-json\/wp\/v2\/media?parent=9445"}],"wp:term":[{"taxonomy":"category","embeddable":true,"href":"https:\/\/radiokfor.com\/2\/wp-json\/wp\/v2\/categories?post=9445"},{"taxonomy":"post_tag","embeddable":true,"href":"https:\/\/radiokfor.com\/2\/wp-json\/wp\/v2\/tags?post=9445"}],"curies":[{"name":"wp","href":"https:\/\/api.w.org\/{rel}","templated":true}]}}