{"id":9413,"date":"2020-10-01T09:28:29","date_gmt":"2020-10-01T09:28:29","guid":{"rendered":"http:\/\/radiokfor.com\/2\/?p=9413"},"modified":"2020-10-01T09:28:29","modified_gmt":"2020-10-01T09:28:29","slug":"medunarodni-dan-starijih-osoba-2","status":"publish","type":"post","link":"https:\/\/radiokfor.com\/2\/medunarodni-dan-starijih-osoba-2\/","title":{"rendered":"Me\u0111unarodni dan starijih osoba"},"content":{"rendered":"<p>Prvi oktobar se u svetu od 1991. godine obele\u017eava kao Me\u0111unarodni dan starijih osoba sa ciljem podizanja svesti dru\u0161tva o problemima koji poga\u0111aju starije osobe. Na dana\u0161nji dan je va\u017eno naglasiti kako da prilagodimo \u017eivotno okru\u017eenje potrebama starije populacije stanovni\u0161tva.<\/p>\n<p>Prema mnogim istra\u017eivanjima starije osobe \u0107e do 2030. godine \u010diniti 20 odsto svetske populacije. Vi\u0161e \u0107e biti ljudi starijih od 60 godina nego dece mla\u0111e od 10 godina.<\/p>\n<p>Devoj\u010dica Sta\u0161a Ivi\u0107 svakodnevno poma\u017ee baki i deki. Ponosna je, ka\u017ee, kada nakon njene pomo\u0107i vidi deku i baku sre\u0107ne, i sa osmehom na licu.<\/p>\n<p>\u201cOdrastam uz njih, obo\u017eavam ih i trudim se uvek da im pomognem. Dedi dodajem pomagalo za hodanje i uklju\u010dujem medikamentoznu terapiju koju svakodnevno koristi. Svaki slobodan trenutak nastojim da provedem sa njima i uvek ih svojom pri\u010dom nasmejem i razveselim\u201d, ka\u017ee Sta\u0161a.<\/p>\n<p>\u0160irom sveta se na dana\u0161nji dan organizuje dru\u017eenje sa starijim osobama. Pose\u0107uju se ustanove za stare osobe, daruju pokloni i prire\u0111uju mnoga iznena\u0111enja.<\/p>\n","protected":false},"excerpt":{"rendered":"<p>Prvi oktobar se u svetu od 1991. godine obele\u017eava kao Me\u0111unarodni dan starijih osoba sa ciljem podizanja svesti dru\u0161tva o problemima koji poga\u0111aju starije osobe. Na dana\u0161nji dan je va\u017eno naglasiti kako da prilagodimo \u017eivotno okru\u017eenje potrebama starije populacije stanovni\u0161tva. Prema mnogim istra\u017eivanjima starije osobe \u0107e do 2030. godine \u010diniti 20 odsto svetske populacije. Vi\u0161e&hellip;<\/p>\n","protected":false},"author":2,"featured_media":9414,"comment_status":"closed","ping_status":"closed","sticky":false,"template":"","format":"standard","meta":{"footnotes":""},"categories":[2],"tags":[],"class_list":["post-9413","post","type-post","status-publish","format-standard","has-post-thumbnail","hentry","category-news","category-2","description-off"],"_links":{"self":[{"href":"https:\/\/radiokfor.com\/2\/wp-json\/wp\/v2\/posts\/9413","targetHints":{"allow":["GET"]}}],"collection":[{"href":"https:\/\/radiokfor.com\/2\/wp-json\/wp\/v2\/posts"}],"about":[{"href":"https:\/\/radiokfor.com\/2\/wp-json\/wp\/v2\/types\/post"}],"author":[{"embeddable":true,"href":"https:\/\/radiokfor.com\/2\/wp-json\/wp\/v2\/users\/2"}],"replies":[{"embeddable":true,"href":"https:\/\/radiokfor.com\/2\/wp-json\/wp\/v2\/comments?post=9413"}],"version-history":[{"count":2,"href":"https:\/\/radiokfor.com\/2\/wp-json\/wp\/v2\/posts\/9413\/revisions"}],"predecessor-version":[{"id":9416,"href":"https:\/\/radiokfor.com\/2\/wp-json\/wp\/v2\/posts\/9413\/revisions\/9416"}],"wp:featuredmedia":[{"embeddable":true,"href":"https:\/\/radiokfor.com\/2\/wp-json\/wp\/v2\/media\/9414"}],"wp:attachment":[{"href":"https:\/\/radiokfor.com\/2\/wp-json\/wp\/v2\/media?parent=9413"}],"wp:term":[{"taxonomy":"category","embeddable":true,"href":"https:\/\/radiokfor.com\/2\/wp-json\/wp\/v2\/categories?post=9413"},{"taxonomy":"post_tag","embeddable":true,"href":"https:\/\/radiokfor.com\/2\/wp-json\/wp\/v2\/tags?post=9413"}],"curies":[{"name":"wp","href":"https:\/\/api.w.org\/{rel}","templated":true}]}}