{"id":9411,"date":"2020-10-01T09:31:14","date_gmt":"2020-10-01T09:31:14","guid":{"rendered":"http:\/\/radiokfor.com\/2\/?p=9411"},"modified":"2020-10-01T09:31:14","modified_gmt":"2020-10-01T09:31:14","slug":"kada-se-neko-smatra-izlecenim-od-kovid-19","status":"publish","type":"post","link":"https:\/\/radiokfor.com\/2\/kada-se-neko-smatra-izlecenim-od-kovid-19\/","title":{"rendered":"Kada se neko smatra izle\u010denim od KOVID-19"},"content":{"rendered":"<p>Koronavirus odnosno KOVID-19 se pojavio krajem 2019. godine i prema poslednjim podacima preko 33,6 miliona ljudi \u0161irom sveta je zara\u017eeno ovim virusom dok je preko milion osoba umrlo. Ovaj virus se smatra najve\u0107om infektivnom pretnjom \u010dove\u010danstvu jo\u0161 od \u201e\u0161panskog gripa\u201c nakon Prvog svetskog rata.<\/p>\n<p>\u0160to se ti\u010de osoba koje se mogu smatrati izle\u010denim od KOVID-19, specijalista za infektivne bolesti Arben Vi\u0161aj ka\u017ee slede\u0107e:<\/p>\n<p><em>\u201cOsoba sa simptomima \u201eKOVID-19\u201c smatra se potpuno izle\u010denom kada je u mikrobiolo\u0161kom aspektu test potvr\u0111en negativnim rezultatima, i u klini\u010dkom aspektu ne manifestuje simptome bolesti. Pacijent koji ima test i analizu sa negativnim rezultatom ne smatra se izle\u010denim, ako s druge strane u klini\u010dkim aspektima ima ozbiljna stanja. Dakle, ova dva parametra idu zajedno: vrednost molekularne analize treba da bude negativna, a tako\u0111e i u klini\u010dkom aspektu da pacijent bude na ivici normale.\u201d<\/em><\/p>\n<p>Prema <a href=\"https:\/\/www.who.int\/news-room\/commentaries\/detail\/criteria-for-releasing-covid-19-patients-from-isolation\">najnovijim<\/a> podacima iz Svetske zdravstvene organizacije (SZO) osoba se mo\u017ee smatrati izle\u010denom od koronavirusa minimum 13 dana od poslednjih simptoma i da nije neophodno raditi ponavljaju\u0107e PCR testove. Za slu\u010dajeve sa te\u017eom klini\u010dkom slikom se ipak preporu\u010duje ra\u0111enje testova da bi se odlu\u010dilo da li je potrebno produ\u017eiti period izolacije.<\/p>\n","protected":false},"excerpt":{"rendered":"<p>Koronavirus odnosno KOVID-19 se pojavio krajem 2019. godine i prema poslednjim podacima preko 33,6 miliona ljudi \u0161irom sveta je zara\u017eeno ovim virusom dok je preko milion osoba umrlo. Ovaj virus se smatra najve\u0107om infektivnom pretnjom \u010dove\u010danstvu jo\u0161 od \u201e\u0161panskog gripa\u201c nakon Prvog svetskog rata. \u0160to se ti\u010de osoba koje se mogu smatrati izle\u010denim od KOVID-19,&hellip;<\/p>\n","protected":false},"author":2,"featured_media":9417,"comment_status":"closed","ping_status":"closed","sticky":false,"template":"","format":"standard","meta":{"footnotes":""},"categories":[2],"tags":[2283,2227,2535,2228,2368,2229],"class_list":["post-9411","post","type-post","status-publish","format-standard","has-post-thumbnail","hentry","category-news","tag-covid19","tag-corona","tag-izlecenje","tag-korona","tag-kovid","tag-virus","category-2","description-off"],"_links":{"self":[{"href":"https:\/\/radiokfor.com\/2\/wp-json\/wp\/v2\/posts\/9411","targetHints":{"allow":["GET"]}}],"collection":[{"href":"https:\/\/radiokfor.com\/2\/wp-json\/wp\/v2\/posts"}],"about":[{"href":"https:\/\/radiokfor.com\/2\/wp-json\/wp\/v2\/types\/post"}],"author":[{"embeddable":true,"href":"https:\/\/radiokfor.com\/2\/wp-json\/wp\/v2\/users\/2"}],"replies":[{"embeddable":true,"href":"https:\/\/radiokfor.com\/2\/wp-json\/wp\/v2\/comments?post=9411"}],"version-history":[{"count":1,"href":"https:\/\/radiokfor.com\/2\/wp-json\/wp\/v2\/posts\/9411\/revisions"}],"predecessor-version":[{"id":9418,"href":"https:\/\/radiokfor.com\/2\/wp-json\/wp\/v2\/posts\/9411\/revisions\/9418"}],"wp:featuredmedia":[{"embeddable":true,"href":"https:\/\/radiokfor.com\/2\/wp-json\/wp\/v2\/media\/9417"}],"wp:attachment":[{"href":"https:\/\/radiokfor.com\/2\/wp-json\/wp\/v2\/media?parent=9411"}],"wp:term":[{"taxonomy":"category","embeddable":true,"href":"https:\/\/radiokfor.com\/2\/wp-json\/wp\/v2\/categories?post=9411"},{"taxonomy":"post_tag","embeddable":true,"href":"https:\/\/radiokfor.com\/2\/wp-json\/wp\/v2\/tags?post=9411"}],"curies":[{"name":"wp","href":"https:\/\/api.w.org\/{rel}","templated":true}]}}