{"id":9399,"date":"2020-10-01T07:57:44","date_gmt":"2020-10-01T07:57:44","guid":{"rendered":"http:\/\/radiokfor.com\/2\/?p=9399"},"modified":"2020-10-01T08:02:49","modified_gmt":"2020-10-01T08:02:49","slug":"medunarodni-dan-kafe","status":"publish","type":"post","link":"https:\/\/radiokfor.com\/2\/medunarodni-dan-kafe\/","title":{"rendered":"Me\u0111unarodni dan kafe"},"content":{"rendered":"<p>Za kafu se slobodno mo\u017ee re\u0107i da je \u010darobni napitak. Ona zbli\u017eava ljude, podsti\u010de razgovor, ali i budi i \u010dini sre\u0107nijim. Zato danas proslavljamo Dan kafe.<\/p>\n<p>Sa kafom obi\u010dno zapo\u010dinjemo svaki dan, a neki bez nje uop\u0161te ne mogu. Kafa je neizostavan deo prijateljskog dru\u017eenja, zavo\u0111enja, poslovnih sastanaka ili pregovora.<\/p>\n<p>Na ovaj dan se tako\u0111e odaje priznanje ljudima \u0161irom sveta, planta\u017eerima, farmerima, vlasnicima kafi\u0107a i svima koji vredno u\u010destvuju u spremanju napitka koji svi volimo.<\/p>\n<p>Postoji vi\u0161e na\u010dina pripremanja kafe, a me\u0111u najpoznatijim su turska kafa, espreso i kapu\u0107ino. Biljke kafe se uzgajaju u 70 zemalja, prvenstveno u ekvatorijalnim regionima ju\u017ene Amerike, ju\u017ene Azije, Indije i Afrike.<\/p>\n<p>Otkrivena je u Etiopiji, i to, kako tvrdi legenda, kada je jedan pastir primetio neobi\u010dno pona\u0161anje svojih koza koje su postale hiperaktivne nakon \u0161to su obrstile crvene bobice sa grmlja.<\/p>\n","protected":false},"excerpt":{"rendered":"<p>Za kafu se slobodno mo\u017ee re\u0107i da je \u010darobni napitak. Ona zbli\u017eava ljude, podsti\u010de razgovor, ali i budi i \u010dini sre\u0107nijim. Zato danas proslavljamo Dan kafe. Sa kafom obi\u010dno zapo\u010dinjemo svaki dan, a neki bez nje uop\u0161te ne mogu. Kafa je neizostavan deo prijateljskog dru\u017eenja, zavo\u0111enja, poslovnih sastanaka ili pregovora. Na ovaj dan se tako\u0111e&hellip;<\/p>\n","protected":false},"author":2,"featured_media":9400,"comment_status":"closed","ping_status":"closed","sticky":false,"template":"","format":"standard","meta":{"footnotes":""},"categories":[2],"tags":[2534],"class_list":["post-9399","post","type-post","status-publish","format-standard","has-post-thumbnail","hentry","category-news","tag-svetski-dan-kafe","category-2","description-off"],"_links":{"self":[{"href":"https:\/\/radiokfor.com\/2\/wp-json\/wp\/v2\/posts\/9399","targetHints":{"allow":["GET"]}}],"collection":[{"href":"https:\/\/radiokfor.com\/2\/wp-json\/wp\/v2\/posts"}],"about":[{"href":"https:\/\/radiokfor.com\/2\/wp-json\/wp\/v2\/types\/post"}],"author":[{"embeddable":true,"href":"https:\/\/radiokfor.com\/2\/wp-json\/wp\/v2\/users\/2"}],"replies":[{"embeddable":true,"href":"https:\/\/radiokfor.com\/2\/wp-json\/wp\/v2\/comments?post=9399"}],"version-history":[{"count":3,"href":"https:\/\/radiokfor.com\/2\/wp-json\/wp\/v2\/posts\/9399\/revisions"}],"predecessor-version":[{"id":9403,"href":"https:\/\/radiokfor.com\/2\/wp-json\/wp\/v2\/posts\/9399\/revisions\/9403"}],"wp:featuredmedia":[{"embeddable":true,"href":"https:\/\/radiokfor.com\/2\/wp-json\/wp\/v2\/media\/9400"}],"wp:attachment":[{"href":"https:\/\/radiokfor.com\/2\/wp-json\/wp\/v2\/media?parent=9399"}],"wp:term":[{"taxonomy":"category","embeddable":true,"href":"https:\/\/radiokfor.com\/2\/wp-json\/wp\/v2\/categories?post=9399"},{"taxonomy":"post_tag","embeddable":true,"href":"https:\/\/radiokfor.com\/2\/wp-json\/wp\/v2\/tags?post=9399"}],"curies":[{"name":"wp","href":"https:\/\/api.w.org\/{rel}","templated":true}]}}