{"id":9390,"date":"2020-09-30T09:47:24","date_gmt":"2020-09-30T09:47:24","guid":{"rendered":"http:\/\/radiokfor.com\/2\/?p=9390"},"modified":"2020-09-30T09:47:24","modified_gmt":"2020-09-30T09:47:24","slug":"osvrt-na-septembar-mesec-tokom-korona-virusa","status":"publish","type":"post","link":"https:\/\/radiokfor.com\/2\/osvrt-na-septembar-mesec-tokom-korona-virusa\/","title":{"rendered":"Osvrt na septembar mesec tokom korona virusa"},"content":{"rendered":"<p>Epidemiolo\u0161ka situacija na Kosovu po\u010detkom septembra bila je jako nestabilna. \u010cesto je dnevno broj novih slu\u010dajeva prelazio 100, zbog \u010dega su \u0111aci novu \u0161kolsku godinu po\u010deli onako kako su zavr\u0161ili prethodnu, online nastavom. U cilju za\u0161tite \u0111aka i zaposlenih od virusa korona propisane su posebne mere koje se primenjuju u \u0161kolama.<\/p>\n<p>Ipak, narednih dana je, kao rezultat disciplinovanog pona\u0161anja stanovni\u0161tva, broj obolelih skoro prepolovljen u odnosu na po\u010detak meseca, pa je krajem septembra do\u0161lo do ubla\u017eavanja epidemiolo\u0161kih mera.<\/p>\n<p>Ugostiteljski objekti \u0107e raditi u skladu sa procenom lokalnih samouprava na \u010dijoj se teritoriji nalaze. Dozvoljava se okupljanje gra\u0111ana u verskim objektima, uz po\u0161tovanje Priru\u010dnika za za\u0161titu \u0161irenja COVID-19, a dozvoljava se i odr\u017eavanje kulturnih i sportskih aktivnosti.<\/p>\n<p>Mogu se organizovati treninzi i sportska takmi\u010denja. U zatvorenim prostorijama do 30 ljudi mo\u017ee da u\u010destvuje na treninzima, dok do 50 ljudi mo\u017ee da u\u010destvuje u organizaciji takmi\u010denja. \u041aada su u pitanju kulturne aktivnosti, mogu da rade pozori\u0161ta, galerije, muzeji i sli\u010dne ustanove, ali samo uz kori\u0161\u0107enje 40% prostora. Zabranjena su javna okupljanja vi\u0161e od pet ljudi na javnim trgovima i u parkovima, kao i privatna porodi\u010dna okupljanja.<\/p>\n<p>Iako su mere ubla\u017eene, jo\u0161 uvek moramo da budemo pa\u017eljivi. Ne zaboravite na obavezno odr\u017eavanje distance, no\u0161enje maski i dezinfekciju ruku. Neodgovornim pona\u0161anjem situacija mo\u017ee da eskalira u svakom trenutku.<\/p>\n","protected":false},"excerpt":{"rendered":"<p>Epidemiolo\u0161ka situacija na Kosovu po\u010detkom septembra bila je jako nestabilna. \u010cesto je dnevno broj novih slu\u010dajeva prelazio 100, zbog \u010dega su \u0111aci novu \u0161kolsku godinu po\u010deli onako kako su zavr\u0161ili prethodnu, online nastavom. U cilju za\u0161tite \u0111aka i zaposlenih od virusa korona propisane su posebne mere koje se primenjuju u \u0161kolama. Ipak, narednih dana je,&hellip;<\/p>\n","protected":false},"author":2,"featured_media":9314,"comment_status":"closed","ping_status":"closed","sticky":false,"template":"","format":"standard","meta":{"footnotes":""},"categories":[2],"tags":[],"class_list":["post-9390","post","type-post","status-publish","format-standard","has-post-thumbnail","hentry","category-news","category-2","description-off"],"_links":{"self":[{"href":"https:\/\/radiokfor.com\/2\/wp-json\/wp\/v2\/posts\/9390","targetHints":{"allow":["GET"]}}],"collection":[{"href":"https:\/\/radiokfor.com\/2\/wp-json\/wp\/v2\/posts"}],"about":[{"href":"https:\/\/radiokfor.com\/2\/wp-json\/wp\/v2\/types\/post"}],"author":[{"embeddable":true,"href":"https:\/\/radiokfor.com\/2\/wp-json\/wp\/v2\/users\/2"}],"replies":[{"embeddable":true,"href":"https:\/\/radiokfor.com\/2\/wp-json\/wp\/v2\/comments?post=9390"}],"version-history":[{"count":1,"href":"https:\/\/radiokfor.com\/2\/wp-json\/wp\/v2\/posts\/9390\/revisions"}],"predecessor-version":[{"id":9391,"href":"https:\/\/radiokfor.com\/2\/wp-json\/wp\/v2\/posts\/9390\/revisions\/9391"}],"wp:featuredmedia":[{"embeddable":true,"href":"https:\/\/radiokfor.com\/2\/wp-json\/wp\/v2\/media\/9314"}],"wp:attachment":[{"href":"https:\/\/radiokfor.com\/2\/wp-json\/wp\/v2\/media?parent=9390"}],"wp:term":[{"taxonomy":"category","embeddable":true,"href":"https:\/\/radiokfor.com\/2\/wp-json\/wp\/v2\/categories?post=9390"},{"taxonomy":"post_tag","embeddable":true,"href":"https:\/\/radiokfor.com\/2\/wp-json\/wp\/v2\/tags?post=9390"}],"curies":[{"name":"wp","href":"https:\/\/api.w.org\/{rel}","templated":true}]}}