{"id":9292,"date":"2020-09-23T13:21:41","date_gmt":"2020-09-23T13:21:41","guid":{"rendered":"http:\/\/radiokfor.com\/2\/?p=9292"},"modified":"2020-09-23T13:21:41","modified_gmt":"2020-09-23T13:21:41","slug":"danas-se-obelezava-medunarodni-dan-znakovnih-jezika","status":"publish","type":"post","link":"https:\/\/radiokfor.com\/2\/danas-se-obelezava-medunarodni-dan-znakovnih-jezika\/","title":{"rendered":"Danas se obele\u017eava Me\u0111unarodni dan znakovnih jezika"},"content":{"rendered":"<p>Me\u0111unarodni dan znakovnih jezika jedinstvena je prilika da se podr\u017ei i za\u0161titi jezi\u010dki identitet i kulturna raznolikost svih gluvih i drugih korisnika znakovnog jezika.<\/p>\n<p>Prema podacima Svetske federacije gluvih, \u0161irom sveta postoji pribli\u017eno 72 miliona gluvih. Vi\u0161e od 80% njih \u017eivi u zemljama u razvoju. Zajedno koriste vi\u0161e od 300 razli\u010ditih znakovnih jezika. Znakovni jezici su potpuno razvijeni prirodni jezici koji se strukturno razlikuju od govornih jezika. Postoji i me\u0111unarodni znakovni jezik, koji gluve osobe koriste na me\u0111unarodnim sastancima i neformalno tokom putovanja i dru\u017eenja.<\/p>\n<p>Me\u0111unarodni dan znakovnih jezika obele\u017eava se svake godine u svetu 23. septembra, zajedno sa Me\u0111unarodnom nedeljom gluvih. Za ovaj dan je uzet datum kada je 1951. godine osnovana Svetska federacija gluvih.<\/p>\n","protected":false},"excerpt":{"rendered":"<p>Me\u0111unarodni dan znakovnih jezika jedinstvena je prilika da se podr\u017ei i za\u0161titi jezi\u010dki identitet i kulturna raznolikost svih gluvih i drugih korisnika znakovnog jezika. Prema podacima Svetske federacije gluvih, \u0161irom sveta postoji pribli\u017eno 72 miliona gluvih. Vi\u0161e od 80% njih \u017eivi u zemljama u razvoju. Zajedno koriste vi\u0161e od 300 razli\u010ditih znakovnih jezika. Znakovni jezici&hellip;<\/p>\n","protected":false},"author":2,"featured_media":9293,"comment_status":"closed","ping_status":"closed","sticky":false,"template":"","format":"standard","meta":{"footnotes":""},"categories":[2],"tags":[1522,1019,2515,2517,2516,2514],"class_list":["post-9292","post","type-post","status-publish","format-standard","has-post-thumbnail","hentry","category-news","tag-medunarodni","tag-dan","tag-jezici","tag-znaci","tag-znak","tag-znakovni-jezik","category-2","description-off"],"_links":{"self":[{"href":"https:\/\/radiokfor.com\/2\/wp-json\/wp\/v2\/posts\/9292","targetHints":{"allow":["GET"]}}],"collection":[{"href":"https:\/\/radiokfor.com\/2\/wp-json\/wp\/v2\/posts"}],"about":[{"href":"https:\/\/radiokfor.com\/2\/wp-json\/wp\/v2\/types\/post"}],"author":[{"embeddable":true,"href":"https:\/\/radiokfor.com\/2\/wp-json\/wp\/v2\/users\/2"}],"replies":[{"embeddable":true,"href":"https:\/\/radiokfor.com\/2\/wp-json\/wp\/v2\/comments?post=9292"}],"version-history":[{"count":1,"href":"https:\/\/radiokfor.com\/2\/wp-json\/wp\/v2\/posts\/9292\/revisions"}],"predecessor-version":[{"id":9294,"href":"https:\/\/radiokfor.com\/2\/wp-json\/wp\/v2\/posts\/9292\/revisions\/9294"}],"wp:featuredmedia":[{"embeddable":true,"href":"https:\/\/radiokfor.com\/2\/wp-json\/wp\/v2\/media\/9293"}],"wp:attachment":[{"href":"https:\/\/radiokfor.com\/2\/wp-json\/wp\/v2\/media?parent=9292"}],"wp:term":[{"taxonomy":"category","embeddable":true,"href":"https:\/\/radiokfor.com\/2\/wp-json\/wp\/v2\/categories?post=9292"},{"taxonomy":"post_tag","embeddable":true,"href":"https:\/\/radiokfor.com\/2\/wp-json\/wp\/v2\/tags?post=9292"}],"curies":[{"name":"wp","href":"https:\/\/api.w.org\/{rel}","templated":true}]}}