{"id":925,"date":"2018-06-13T16:57:31","date_gmt":"2018-06-13T16:57:31","guid":{"rendered":"http:\/\/radiokfor.com\/2\/?p=925"},"modified":"2018-11-28T17:00:02","modified_gmt":"2018-11-28T17:00:02","slug":"deciji-festival-cvrkuti-sa-ibra","status":"publish","type":"post","link":"https:\/\/radiokfor.com\/2\/deciji-festival-cvrkuti-sa-ibra\/","title":{"rendered":"De\u010diji festival &#8220;Cvrkuti sa Ibra&#8221;"},"content":{"rendered":"<div class=\"description\">\n<p>Tradicionalni de\u010diji festival zabavne muzike \u201cCvrkuti sa Ibra\u201d, koji je takmi\u010darskog karaktera, odr\u017ea\u0107e se u \u010detvrtak, 14. juna od 18 \u010dasova u Domu kulture u Zve\u010danu.<\/p>\n<p>U\u010desnici su podeljeni u dve kategorije \u201cMini\u201d i \u201cTini\u201d i svojim\u00a0 novim kompozicijama revijalno \u0107e se predstaviti publici, a troje najboljih, u obe kategorije, o\u010dekuju vredne nagrade.<\/p>\n<p>Ocenu kompozicija, teksta, aran\u017emana, muzike i najboljih peva\u010da vodi\u0107e \u017eiri koji je odredio organizator festivala, Ustanova za sport, omladinu i specijalizovane usluge.<\/p>\n<p>Na ovogodi\u0161njem festivalu bi\u0107e izvedeno ukupno 18 kompozicija, \u0161to dokazuje da festival iz godine u godinu postaje sve popularniji i da je ovo odli\u010dna prilika da deca poka\u017eu svoj talenat.<\/p>\n<p>Ocenu kompozicija, teksta, aran\u017emana, muzike i najboljih peva\u010da vodi\u0107e \u017eiri koji je odredila\u00a0 Ustanova za sport, omladinu i specijalizovane usluge<\/p>\n<\/div>\n","protected":false},"excerpt":{"rendered":"<p>Tradicionalni de\u010diji festival zabavne muzike \u201cCvrkuti sa Ibra\u201d, koji je takmi\u010darskog karaktera, odr\u017ea\u0107e se u \u010detvrtak, 14. juna od 18 \u010dasova u Domu kulture u Zve\u010danu. U\u010desnici su podeljeni u dve kategorije \u201cMini\u201d i \u201cTini\u201d i svojim\u00a0 novim kompozicijama revijalno \u0107e se predstaviti publici, a troje najboljih, u obe kategorije, o\u010dekuju vredne nagrade. Ocenu kompozicija,&hellip;<\/p>\n","protected":false},"author":2,"featured_media":927,"comment_status":"open","ping_status":"open","sticky":false,"template":"","format":"standard","meta":{"footnotes":""},"categories":[2],"tags":[366,365,51],"class_list":["post-925","post","type-post","status-publish","format-standard","has-post-thumbnail","hentry","category-news","tag-cvrkuti-sa-ibra","tag-deciji-festival","tag-zvecan","category-2","description-off"],"_links":{"self":[{"href":"https:\/\/radiokfor.com\/2\/wp-json\/wp\/v2\/posts\/925","targetHints":{"allow":["GET"]}}],"collection":[{"href":"https:\/\/radiokfor.com\/2\/wp-json\/wp\/v2\/posts"}],"about":[{"href":"https:\/\/radiokfor.com\/2\/wp-json\/wp\/v2\/types\/post"}],"author":[{"embeddable":true,"href":"https:\/\/radiokfor.com\/2\/wp-json\/wp\/v2\/users\/2"}],"replies":[{"embeddable":true,"href":"https:\/\/radiokfor.com\/2\/wp-json\/wp\/v2\/comments?post=925"}],"version-history":[{"count":1,"href":"https:\/\/radiokfor.com\/2\/wp-json\/wp\/v2\/posts\/925\/revisions"}],"predecessor-version":[{"id":928,"href":"https:\/\/radiokfor.com\/2\/wp-json\/wp\/v2\/posts\/925\/revisions\/928"}],"wp:featuredmedia":[{"embeddable":true,"href":"https:\/\/radiokfor.com\/2\/wp-json\/wp\/v2\/media\/927"}],"wp:attachment":[{"href":"https:\/\/radiokfor.com\/2\/wp-json\/wp\/v2\/media?parent=925"}],"wp:term":[{"taxonomy":"category","embeddable":true,"href":"https:\/\/radiokfor.com\/2\/wp-json\/wp\/v2\/categories?post=925"},{"taxonomy":"post_tag","embeddable":true,"href":"https:\/\/radiokfor.com\/2\/wp-json\/wp\/v2\/tags?post=925"}],"curies":[{"name":"wp","href":"https:\/\/api.w.org\/{rel}","templated":true}]}}