{"id":9227,"date":"2020-09-19T16:42:50","date_gmt":"2020-09-19T16:42:50","guid":{"rendered":"http:\/\/radiokfor.com\/2\/?p=9227"},"modified":"2020-09-19T16:42:50","modified_gmt":"2020-09-19T16:42:50","slug":"zavrsena-likovna-kolonija-mladih-umetnika-iz-vucitrna","status":"publish","type":"post","link":"https:\/\/radiokfor.com\/2\/zavrsena-likovna-kolonija-mladih-umetnika-iz-vucitrna\/","title":{"rendered":"Zavr\u0161ena likovna kolonija mladih umetnika iz Vu\u010ditrna"},"content":{"rendered":"<p>Misija OEBS-a na Kosovu ove nedelje okupila je 13 mladih umetnika iz srpske, albanske, turske i romske zajednice iz op\u0161tine Vu\u010ditrn, na \u010detvorodnevnoj umetni\u010dkoj koloniji.<\/p>\n<p>Vi\u0161e o ovom doga\u0111aju rekao nam je <strong>Predrag Ra\u0161i\u0107<\/strong>, vi\u0161i program asistent pri misiji OEBS-a na Kosovu:<\/p>\n<p>\u201c<em>U\u010desnici radionice bili su mladi umetnici iz albanske, romske i srpske zajednice, koji \u017eive ili su poreklom iz op\u0161tine Vu\u010ditrn. U sklopu ove aktivnosti imali smo i izradu dva murala. Jedan je bio na zidu sportskog centra u Vu\u010ditrnu, dok je drugi bio na zidu romskog Centra za u\u010denje u Prilu\u017eju<\/em>.\u201d<\/p>\n<p>On je istakao da su pored umetnika, imali veliki broj volontera koji su zna\u010dajno doprineli realizaciji radionice.<\/p>\n<p>\u201c<em>Ovakav projekat je omogu\u0107io mladim umetnicima, koji mo\u017eda ne bi imali prilike da se u drugim okolnostima sretnu, budu zajedno, rade zajedno, komuniciraju i da jednostavno pribli\u017ee neke svoje stavove i ideje<\/em>,\u201d dodao je <strong>Ra\u0161i\u0107<\/strong>.<\/p>\n<p>Izlo\u017eba njihovih slika odr\u017eana je na tvr\u0111avi u Vu\u010ditrnu, kojoj su prisustvovali svi umetnici, \u0161ef op\u0161tinske kancelarije za zajednice i povratak, \u010dlanovi op\u0161tinskog saveta za bezbednost zajednice, kao i KFOR-ov tim za vezu i nadgledanje (LMT).<\/p>\n<p>&nbsp;<\/p>\n","protected":false},"excerpt":{"rendered":"<p>Misija OEBS-a na Kosovu ove nedelje okupila je 13 mladih umetnika iz srpske, albanske, turske i romske zajednice iz op\u0161tine Vu\u010ditrn, na \u010detvorodnevnoj umetni\u010dkoj koloniji. Vi\u0161e o ovom doga\u0111aju rekao nam je Predrag Ra\u0161i\u0107, vi\u0161i program asistent pri misiji OEBS-a na Kosovu: \u201cU\u010desnici radionice bili su mladi umetnici iz albanske, romske i srpske zajednice, koji&hellip;<\/p>\n","protected":false},"author":2,"featured_media":9228,"comment_status":"closed","ping_status":"closed","sticky":false,"template":"","format":"standard","meta":{"footnotes":""},"categories":[2],"tags":[83,91],"class_list":["post-9227","post","type-post","status-publish","format-standard","has-post-thumbnail","hentry","category-news","tag-likovna-kolonija","tag-oebs","category-2","description-off"],"_links":{"self":[{"href":"https:\/\/radiokfor.com\/2\/wp-json\/wp\/v2\/posts\/9227","targetHints":{"allow":["GET"]}}],"collection":[{"href":"https:\/\/radiokfor.com\/2\/wp-json\/wp\/v2\/posts"}],"about":[{"href":"https:\/\/radiokfor.com\/2\/wp-json\/wp\/v2\/types\/post"}],"author":[{"embeddable":true,"href":"https:\/\/radiokfor.com\/2\/wp-json\/wp\/v2\/users\/2"}],"replies":[{"embeddable":true,"href":"https:\/\/radiokfor.com\/2\/wp-json\/wp\/v2\/comments?post=9227"}],"version-history":[{"count":1,"href":"https:\/\/radiokfor.com\/2\/wp-json\/wp\/v2\/posts\/9227\/revisions"}],"predecessor-version":[{"id":9229,"href":"https:\/\/radiokfor.com\/2\/wp-json\/wp\/v2\/posts\/9227\/revisions\/9229"}],"wp:featuredmedia":[{"embeddable":true,"href":"https:\/\/radiokfor.com\/2\/wp-json\/wp\/v2\/media\/9228"}],"wp:attachment":[{"href":"https:\/\/radiokfor.com\/2\/wp-json\/wp\/v2\/media?parent=9227"}],"wp:term":[{"taxonomy":"category","embeddable":true,"href":"https:\/\/radiokfor.com\/2\/wp-json\/wp\/v2\/categories?post=9227"},{"taxonomy":"post_tag","embeddable":true,"href":"https:\/\/radiokfor.com\/2\/wp-json\/wp\/v2\/tags?post=9227"}],"curies":[{"name":"wp","href":"https:\/\/api.w.org\/{rel}","templated":true}]}}