{"id":9102,"date":"2020-09-14T07:05:56","date_gmt":"2020-09-14T07:05:56","guid":{"rendered":"http:\/\/radiokfor.com\/2\/?p=9102"},"modified":"2020-09-14T07:05:56","modified_gmt":"2020-09-14T07:05:56","slug":"kfor-dezinfikovao-osnovnu-skolu-u-velikoj-hoci","status":"publish","type":"post","link":"https:\/\/radiokfor.com\/2\/kfor-dezinfikovao-osnovnu-skolu-u-velikoj-hoci\/","title":{"rendered":"Kfor dezinfikovao osnovnu \u0161kolu u Velikoj Ho\u010di"},"content":{"rendered":"<p>Specijalisti\u010dki tim italijanske vojske izvr\u0161io je dezinfekciju osnovne \u0161kole \u2019Svetozar Markovic\u0301\u2019 u Velikoj Ho\u010di, u op\u0161tini Orahovac, kako bi omoguc\u0301io njeno ponovno otvaranje u skladu sa merama za suzbijanje pandemije COVID-19, saop\u0161teno je iz Komande Kfora.<\/p>\n<p>Devet u\u010dionica, od kojih se jedna koristi za vrtic\u0301, i sve zajedni\u010dke prostorije dezinfikovane su atomizerima i odgovarajuc\u0301im aktivnim supstancama neposredno pred novu \u0161kolsku godinu, dodaje se u saop\u0161tenju.<\/p>\n<p>Projekat je inicirao austrijski tim za vezu i nadgledanje koji deluje u tom podru\u010dju, a izveli su ga italijanski artiljerci iz sastava 5.\u00a0 puka, koji pripadaju Kforovoj regionalnoj komandi Zapad.<\/p>\n<p>&#8220;Tim za civilno-vojnu saradnju, u poslednja dva meseca, Kfor komanda predvo\u0111ena Italijom, sprovela je pet projekata pomoc\u0301i u korist svih zajednica koje \u017eive u zapadnom regionu Kosova, sa posebnim fokusom na obrazovanje i zdravstvo\u201c, navodi se u saop\u0161tenju.<\/p>\n<p>Isti\u010de se da je od izbijanja pandemije, misija NATO nepristrasno doprinela lokalnom odgovoru na COVID-19 kroz niz akcija za podr\u0161ku institucijama na Kosovu, uklju\u010dujuc\u0301i isporuku opreme za li\u010dnu za\u0161titu i omoguc\u0301avanjem pomoc\u0301i savezni\u010dkih i partnerskih zemalja.<\/p>\n","protected":false},"excerpt":{"rendered":"<p>Specijalisti\u010dki tim italijanske vojske izvr\u0161io je dezinfekciju osnovne \u0161kole \u2019Svetozar Markovic\u0301\u2019 u Velikoj Ho\u010di, u op\u0161tini Orahovac, kako bi omoguc\u0301io njeno ponovno otvaranje u skladu sa merama za suzbijanje pandemije COVID-19, saop\u0161teno je iz Komande Kfora. Devet u\u010dionica, od kojih se jedna koristi za vrtic\u0301, i sve zajedni\u010dke prostorije dezinfikovane su atomizerima i odgovarajuc\u0301im aktivnim&hellip;<\/p>\n","protected":false},"author":2,"featured_media":9103,"comment_status":"closed","ping_status":"closed","sticky":false,"template":"","format":"standard","meta":{"footnotes":""},"categories":[2],"tags":[],"class_list":["post-9102","post","type-post","status-publish","format-standard","has-post-thumbnail","hentry","category-news","category-2","description-off"],"_links":{"self":[{"href":"https:\/\/radiokfor.com\/2\/wp-json\/wp\/v2\/posts\/9102","targetHints":{"allow":["GET"]}}],"collection":[{"href":"https:\/\/radiokfor.com\/2\/wp-json\/wp\/v2\/posts"}],"about":[{"href":"https:\/\/radiokfor.com\/2\/wp-json\/wp\/v2\/types\/post"}],"author":[{"embeddable":true,"href":"https:\/\/radiokfor.com\/2\/wp-json\/wp\/v2\/users\/2"}],"replies":[{"embeddable":true,"href":"https:\/\/radiokfor.com\/2\/wp-json\/wp\/v2\/comments?post=9102"}],"version-history":[{"count":1,"href":"https:\/\/radiokfor.com\/2\/wp-json\/wp\/v2\/posts\/9102\/revisions"}],"predecessor-version":[{"id":9104,"href":"https:\/\/radiokfor.com\/2\/wp-json\/wp\/v2\/posts\/9102\/revisions\/9104"}],"wp:featuredmedia":[{"embeddable":true,"href":"https:\/\/radiokfor.com\/2\/wp-json\/wp\/v2\/media\/9103"}],"wp:attachment":[{"href":"https:\/\/radiokfor.com\/2\/wp-json\/wp\/v2\/media?parent=9102"}],"wp:term":[{"taxonomy":"category","embeddable":true,"href":"https:\/\/radiokfor.com\/2\/wp-json\/wp\/v2\/categories?post=9102"},{"taxonomy":"post_tag","embeddable":true,"href":"https:\/\/radiokfor.com\/2\/wp-json\/wp\/v2\/tags?post=9102"}],"curies":[{"name":"wp","href":"https:\/\/api.w.org\/{rel}","templated":true}]}}