{"id":9093,"date":"2020-09-13T08:11:06","date_gmt":"2020-09-13T08:11:06","guid":{"rendered":"http:\/\/radiokfor.com\/2\/?p=9093"},"modified":"2020-09-13T08:11:06","modified_gmt":"2020-09-13T08:11:06","slug":"kamp-ekoloskog-aktivizma-na-rugovi","status":"publish","type":"post","link":"https:\/\/radiokfor.com\/2\/kamp-ekoloskog-aktivizma-na-rugovi\/","title":{"rendered":"Kamp ekolo\u0161kog aktivizma na Rugovi"},"content":{"rendered":"<p>Na planini Rugovi bi\u0107e odr\u017ean <strong>Kamp ekolo\u0161kog aktivizma<\/strong>. Svrha doga\u0111aja je podizanje svesti, prikupljanje informacija o ekolo\u0161kim pitanjima, raspravljanje o temama kroz razli\u010dite perspektive i pristupe i formiranje mre\u017ee mladih aktivista, donosilaca odluka i lidera \u0161irom zajednica i regiona na Kosovu.<\/p>\n<p>O samom kampu, razgovarali smo sa direktorom organizacije \u201c<strong>Keep It Green<\/strong>\u201d (koja organizuje ovaj kamp) Gucimom Klinakuom.<\/p>\n<p><em>\u201eKamp je je osmislila \u201cKeep it Green\u201d, a finansira ga Evropska zadu\u017ebina za demokratiju. Dizajniran je da stvori program za omladinu na Kosovu, posebno za studente u oblastima ekologije i nauka o \u017eivotnoj sredini i obnovljivim izvorima energije kako bi stvorio buduc\u0301e lidere na polju za\u0161tite \u017eivotne sredine i ovo je zapravo cela svrha kampa. Kamp se odr\u017eava od 25. do 27. septembra, u toku je prijava za u\u010de\u0161c\u0301e i ovim pozivamo sve etni\u010dke grupe koje \u017eive na Kosovu da nam se priklju\u010de.\u201d<\/em><\/p>\n<p>Putovanje, sme\u0161taj, obroci i materijali bic\u0301e obuhvac\u0301eni programom. Broj u\u010desnika je ograni\u010den, a mere za\u0161tite od KOVID-19 strogo c\u0301e se po\u0161tovati tokom \u010ditavog programa.<\/p>\n","protected":false},"excerpt":{"rendered":"<p>Na planini Rugovi bi\u0107e odr\u017ean Kamp ekolo\u0161kog aktivizma. Svrha doga\u0111aja je podizanje svesti, prikupljanje informacija o ekolo\u0161kim pitanjima, raspravljanje o temama kroz razli\u010dite perspektive i pristupe i formiranje mre\u017ee mladih aktivista, donosilaca odluka i lidera \u0161irom zajednica i regiona na Kosovu. O samom kampu, razgovarali smo sa direktorom organizacije \u201cKeep It Green\u201d (koja organizuje ovaj&hellip;<\/p>\n","protected":false},"author":2,"featured_media":9094,"comment_status":"closed","ping_status":"closed","sticky":false,"template":"","format":"standard","meta":{"footnotes":""},"categories":[2],"tags":[1499,1345,1874],"class_list":["post-9093","post","type-post","status-publish","format-standard","has-post-thumbnail","hentry","category-news","tag-aktivizam","tag-ekologija","tag-kamp","category-2","description-off"],"_links":{"self":[{"href":"https:\/\/radiokfor.com\/2\/wp-json\/wp\/v2\/posts\/9093","targetHints":{"allow":["GET"]}}],"collection":[{"href":"https:\/\/radiokfor.com\/2\/wp-json\/wp\/v2\/posts"}],"about":[{"href":"https:\/\/radiokfor.com\/2\/wp-json\/wp\/v2\/types\/post"}],"author":[{"embeddable":true,"href":"https:\/\/radiokfor.com\/2\/wp-json\/wp\/v2\/users\/2"}],"replies":[{"embeddable":true,"href":"https:\/\/radiokfor.com\/2\/wp-json\/wp\/v2\/comments?post=9093"}],"version-history":[{"count":1,"href":"https:\/\/radiokfor.com\/2\/wp-json\/wp\/v2\/posts\/9093\/revisions"}],"predecessor-version":[{"id":9095,"href":"https:\/\/radiokfor.com\/2\/wp-json\/wp\/v2\/posts\/9093\/revisions\/9095"}],"wp:featuredmedia":[{"embeddable":true,"href":"https:\/\/radiokfor.com\/2\/wp-json\/wp\/v2\/media\/9094"}],"wp:attachment":[{"href":"https:\/\/radiokfor.com\/2\/wp-json\/wp\/v2\/media?parent=9093"}],"wp:term":[{"taxonomy":"category","embeddable":true,"href":"https:\/\/radiokfor.com\/2\/wp-json\/wp\/v2\/categories?post=9093"},{"taxonomy":"post_tag","embeddable":true,"href":"https:\/\/radiokfor.com\/2\/wp-json\/wp\/v2\/tags?post=9093"}],"curies":[{"name":"wp","href":"https:\/\/api.w.org\/{rel}","templated":true}]}}