{"id":909,"date":"2018-06-15T16:42:15","date_gmt":"2018-06-15T16:42:15","guid":{"rendered":"http:\/\/radiokfor.com\/2\/?p=909"},"modified":"2018-11-28T16:44:43","modified_gmt":"2018-11-28T16:44:43","slug":"zavrsni-koncert-muzicke-skole-stevan-mokranjac","status":"publish","type":"post","link":"https:\/\/radiokfor.com\/2\/zavrsni-koncert-muzicke-skole-stevan-mokranjac\/","title":{"rendered":"Zavr\u0161ni koncert Muzi\u010dke \u0161kole \u201cStevan Mokranjac\u201d"},"content":{"rendered":"<p>Muzi\u010dka \u0161kola \u201cStevan Mokranjac\u201d iz Gra\u010danice, u velikoj sali Doma kulture u Gra\u010danici odr\u017ea\u0107e danas, zavr\u0161ni koncert u\u010denika.<\/p>\n<p>Povodom zavr\u0161etka \u0161kolske godine i ove, kao i prethodnih godina, prepoznatljivim repertoarom za sve ljubitelje klasi\u010dne muzike, u\u010denici \u0107e se predstaviti na najlep\u0161i na\u010din.<\/p>\n<p>Po\u010detak koncerta je u 19 \u010dasova.<\/p>\n","protected":false},"excerpt":{"rendered":"<p>Muzi\u010dka \u0161kola \u201cStevan Mokranjac\u201d iz Gra\u010danice, u velikoj sali Doma kulture u Gra\u010danici odr\u017ea\u0107e danas, zavr\u0161ni koncert u\u010denika. Povodom zavr\u0161etka \u0161kolske godine i ove, kao i prethodnih godina, prepoznatljivim repertoarom za sve ljubitelje klasi\u010dne muzike, u\u010denici \u0107e se predstaviti na najlep\u0161i na\u010din. Po\u010detak koncerta je u 19 \u010dasova.<\/p>\n","protected":false},"author":2,"featured_media":911,"comment_status":"open","ping_status":"open","sticky":false,"template":"","format":"standard","meta":{"footnotes":""},"categories":[2],"tags":[13,21,360],"class_list":["post-909","post","type-post","status-publish","format-standard","has-post-thumbnail","hentry","category-news","tag-gracanica","tag-dom-kulture-gracanica","tag-muzicka-skola-stevan-mokranjac","category-2","description-off"],"_links":{"self":[{"href":"https:\/\/radiokfor.com\/2\/wp-json\/wp\/v2\/posts\/909","targetHints":{"allow":["GET"]}}],"collection":[{"href":"https:\/\/radiokfor.com\/2\/wp-json\/wp\/v2\/posts"}],"about":[{"href":"https:\/\/radiokfor.com\/2\/wp-json\/wp\/v2\/types\/post"}],"author":[{"embeddable":true,"href":"https:\/\/radiokfor.com\/2\/wp-json\/wp\/v2\/users\/2"}],"replies":[{"embeddable":true,"href":"https:\/\/radiokfor.com\/2\/wp-json\/wp\/v2\/comments?post=909"}],"version-history":[{"count":1,"href":"https:\/\/radiokfor.com\/2\/wp-json\/wp\/v2\/posts\/909\/revisions"}],"predecessor-version":[{"id":912,"href":"https:\/\/radiokfor.com\/2\/wp-json\/wp\/v2\/posts\/909\/revisions\/912"}],"wp:featuredmedia":[{"embeddable":true,"href":"https:\/\/radiokfor.com\/2\/wp-json\/wp\/v2\/media\/911"}],"wp:attachment":[{"href":"https:\/\/radiokfor.com\/2\/wp-json\/wp\/v2\/media?parent=909"}],"wp:term":[{"taxonomy":"category","embeddable":true,"href":"https:\/\/radiokfor.com\/2\/wp-json\/wp\/v2\/categories?post=909"},{"taxonomy":"post_tag","embeddable":true,"href":"https:\/\/radiokfor.com\/2\/wp-json\/wp\/v2\/tags?post=909"}],"curies":[{"name":"wp","href":"https:\/\/api.w.org\/{rel}","templated":true}]}}