{"id":9002,"date":"2020-09-07T11:16:41","date_gmt":"2020-09-07T11:16:41","guid":{"rendered":"http:\/\/radiokfor.com\/2\/?p=9002"},"modified":"2020-09-07T11:16:41","modified_gmt":"2020-09-07T11:16:41","slug":"cist-vazduh-za-plavo-nebo","status":"publish","type":"post","link":"https:\/\/radiokfor.com\/2\/cist-vazduh-za-plavo-nebo\/","title":{"rendered":"\u010cist vazduh za plavo nebo"},"content":{"rendered":"<p>Zaga\u0111enje vazduha je jedna od glavnih tema u poslednje vreme i tek odnedavno shvatamo kakve posledice mo\u017ee imati na zdravlje ljudi.<\/p>\n<p>Savremeni na\u010din \u017eivota doveo je do pove\u0107anja zaga\u0111enosti vazduha, a svi znamo da takav vazduh ima negativan uticaj na zdravlje ljudi, smatra Aleksandra Blanu\u0161a, inspektor za za\u0161titu \u017eivotne sredine Odeljenja inspekcije op\u0161tine Gra\u010danica.<\/p>\n<p><em>\u201cSvaki pojedinac uti\u010de na kvalitet vazduha svojim pona\u0161anjem. Pozitivno \u0107emo uticati na taj na\u010din \u0161to mo\u017eemo svesti upotrebu automobila na minimum kada je to neophodno, a na taj na\u010din pove\u0107avamo i fizi\u010dku aktivnost. Moram spomenuti da su i individualna lo\u017ei\u0161ta veliki zaga\u0111iva\u010di. Tako\u0111e, spaljivanjem razli\u010ditih otpada zaga\u0111ujemo vazduh.\u201d<\/em><\/p>\n<p>U decembru 2019. godine Generalna skup\u0161tina Ujedinjenih nacija proglasila je 7. septembar Me\u0111unarodnim danom \u010distog vazduha i prvo obele\u017eavanje ovog ekolo\u0161kog praznika de\u0161ava se ove godine pod sloganom \u201e\u010cist vazduh za plavo nebo\u201c.<\/p>\n<p>Svetska zdravstvena organizacija procenjuje da je preko 90 procenata svetske populacije izlo\u017eeno zaga\u0111enom vazduhu, \u0161to zna\u010di da u proseku devet od deset ljudi udi\u0161e zaga\u0111eni vazduh.<\/p>\n<p>&nbsp;<\/p>\n<p>&nbsp;<\/p>\n","protected":false},"excerpt":{"rendered":"<p>Zaga\u0111enje vazduha je jedna od glavnih tema u poslednje vreme i tek odnedavno shvatamo kakve posledice mo\u017ee imati na zdravlje ljudi. Savremeni na\u010din \u017eivota doveo je do pove\u0107anja zaga\u0111enosti vazduha, a svi znamo da takav vazduh ima negativan uticaj na zdravlje ljudi, smatra Aleksandra Blanu\u0161a, inspektor za za\u0161titu \u017eivotne sredine Odeljenja inspekcije op\u0161tine Gra\u010danica. \u201cSvaki&hellip;<\/p>\n","protected":false},"author":2,"featured_media":9003,"comment_status":"closed","ping_status":"closed","sticky":false,"template":"","format":"standard","meta":{"footnotes":""},"categories":[2],"tags":[],"class_list":["post-9002","post","type-post","status-publish","format-standard","has-post-thumbnail","hentry","category-news","category-2","description-off"],"_links":{"self":[{"href":"https:\/\/radiokfor.com\/2\/wp-json\/wp\/v2\/posts\/9002","targetHints":{"allow":["GET"]}}],"collection":[{"href":"https:\/\/radiokfor.com\/2\/wp-json\/wp\/v2\/posts"}],"about":[{"href":"https:\/\/radiokfor.com\/2\/wp-json\/wp\/v2\/types\/post"}],"author":[{"embeddable":true,"href":"https:\/\/radiokfor.com\/2\/wp-json\/wp\/v2\/users\/2"}],"replies":[{"embeddable":true,"href":"https:\/\/radiokfor.com\/2\/wp-json\/wp\/v2\/comments?post=9002"}],"version-history":[{"count":1,"href":"https:\/\/radiokfor.com\/2\/wp-json\/wp\/v2\/posts\/9002\/revisions"}],"predecessor-version":[{"id":9008,"href":"https:\/\/radiokfor.com\/2\/wp-json\/wp\/v2\/posts\/9002\/revisions\/9008"}],"wp:featuredmedia":[{"embeddable":true,"href":"https:\/\/radiokfor.com\/2\/wp-json\/wp\/v2\/media\/9003"}],"wp:attachment":[{"href":"https:\/\/radiokfor.com\/2\/wp-json\/wp\/v2\/media?parent=9002"}],"wp:term":[{"taxonomy":"category","embeddable":true,"href":"https:\/\/radiokfor.com\/2\/wp-json\/wp\/v2\/categories?post=9002"},{"taxonomy":"post_tag","embeddable":true,"href":"https:\/\/radiokfor.com\/2\/wp-json\/wp\/v2\/tags?post=9002"}],"curies":[{"name":"wp","href":"https:\/\/api.w.org\/{rel}","templated":true}]}}