{"id":8839,"date":"2020-08-24T09:40:24","date_gmt":"2020-08-24T09:40:24","guid":{"rendered":"http:\/\/radiokfor.com\/2\/?p=8839"},"modified":"2020-08-24T09:40:24","modified_gmt":"2020-08-24T09:40:24","slug":"o-pravima-coveka-treba-se-svakodnevno-govoriti","status":"publish","type":"post","link":"https:\/\/radiokfor.com\/2\/o-pravima-coveka-treba-se-svakodnevno-govoriti\/","title":{"rendered":"O pravima \u010doveka treba se svakodnevno govoriti"},"content":{"rendered":"<p>O pravima i slobodama \u010doveka svakodnevno treba govoriti i podse\u0107ati se na njihovu va\u017enost, zbog toga nije na odmet da se povremeno podsetimo tih zakona. Pripadnici nacionalnih manjina na Kosovu imaju svoja prava koja su im garantovana Ustavom i zakonima.<\/p>\n<p>Kosovski parlament je usvojio Zakon o za\u0161titi i promovisanju prava zajednica. Ovaj zakon se odnosi na pripadnike ve\u0107inskih zajedina koji nisu ve\u0107ina u jednoj od 38 op\u0161tina na Kosovu.<\/p>\n<p>Pripadnici manjinskih zajednica imaju parvo na svoje kulturno nasle\u0111e, jezik, identitet, veroispovest, tradiciju. Osima prava navedenih u ovom Zakonu, imaju parvo i na slobodu mi\u0161ljenja, medija, okupljanja.<\/p>\n<p>Prema ovom Zakonu srpski i albanski jezik i njihova pisma su ravnopravni. A turski, bo\u0161nja\u010dki i romski imaju status zvani\u010dnih jezika na op\u0161tinskim nivoima, \u0161to je u skladu sa Zakonom o upotrebi jezika.<\/p>\n<p>Pripadnici zajednica imaju parvo da slobodno i bez prepreka koriste svoj jezik. Tako\u0111e, imaju parvo na obrazovanje na svim nivoima i to na jednom od zvani\u010dnih jezika (albanskom ili srpskom).<\/p>\n<p>Tako\u0111e, zakonom se garantuje i parvo na zdravstvenu negu.<\/p>\n<p>Na predsedni\u010dkom nivou funkcioni\u0161e i Savetodavno ve\u0107e za pitanje zajednica koje je izme\u0111u ostalog, zadu\u017eeno da zajednicama pomogne u ostvarivanju njihovih prava.<\/p>\n<p>&nbsp;<\/p>\n","protected":false},"excerpt":{"rendered":"<p>O pravima i slobodama \u010doveka svakodnevno treba govoriti i podse\u0107ati se na njihovu va\u017enost, zbog toga nije na odmet da se povremeno podsetimo tih zakona. Pripadnici nacionalnih manjina na Kosovu imaju svoja prava koja su im garantovana Ustavom i zakonima. Kosovski parlament je usvojio Zakon o za\u0161titi i promovisanju prava zajednica. Ovaj zakon se odnosi&hellip;<\/p>\n","protected":false},"author":2,"featured_media":8840,"comment_status":"closed","ping_status":"closed","sticky":false,"template":"","format":"standard","meta":{"footnotes":""},"categories":[2],"tags":[],"class_list":["post-8839","post","type-post","status-publish","format-standard","has-post-thumbnail","hentry","category-news","category-2","description-off"],"_links":{"self":[{"href":"https:\/\/radiokfor.com\/2\/wp-json\/wp\/v2\/posts\/8839","targetHints":{"allow":["GET"]}}],"collection":[{"href":"https:\/\/radiokfor.com\/2\/wp-json\/wp\/v2\/posts"}],"about":[{"href":"https:\/\/radiokfor.com\/2\/wp-json\/wp\/v2\/types\/post"}],"author":[{"embeddable":true,"href":"https:\/\/radiokfor.com\/2\/wp-json\/wp\/v2\/users\/2"}],"replies":[{"embeddable":true,"href":"https:\/\/radiokfor.com\/2\/wp-json\/wp\/v2\/comments?post=8839"}],"version-history":[{"count":1,"href":"https:\/\/radiokfor.com\/2\/wp-json\/wp\/v2\/posts\/8839\/revisions"}],"predecessor-version":[{"id":8841,"href":"https:\/\/radiokfor.com\/2\/wp-json\/wp\/v2\/posts\/8839\/revisions\/8841"}],"wp:featuredmedia":[{"embeddable":true,"href":"https:\/\/radiokfor.com\/2\/wp-json\/wp\/v2\/media\/8840"}],"wp:attachment":[{"href":"https:\/\/radiokfor.com\/2\/wp-json\/wp\/v2\/media?parent=8839"}],"wp:term":[{"taxonomy":"category","embeddable":true,"href":"https:\/\/radiokfor.com\/2\/wp-json\/wp\/v2\/categories?post=8839"},{"taxonomy":"post_tag","embeddable":true,"href":"https:\/\/radiokfor.com\/2\/wp-json\/wp\/v2\/tags?post=8839"}],"curies":[{"name":"wp","href":"https:\/\/api.w.org\/{rel}","templated":true}]}}