{"id":8742,"date":"2020-08-20T08:52:11","date_gmt":"2020-08-20T08:52:11","guid":{"rendered":"http:\/\/radiokfor.com\/2\/?p=8742"},"modified":"2020-08-20T08:52:11","modified_gmt":"2020-08-20T08:52:11","slug":"pocetak-nove-skolske-godine-2","status":"publish","type":"post","link":"https:\/\/radiokfor.com\/2\/pocetak-nove-skolske-godine-2\/","title":{"rendered":"Po\u010detak nove \u0161kolske godine"},"content":{"rendered":"<p>Neizvesnost u vezi s tim kako \u0107e na jesen izgledati nastava i da li \u0107e deca u\u010diti u \u0161koli ili od ku\u0107e, jedna je od naj\u010de\u0161\u0107ih tema pred novu \u0161kolsku godinu.<\/p>\n<p>Dodatno su zabrinuti roditelji budu\u0107ih prvaka, u\u010denika koji treba da krenu u peti razred, kao i onih koji po\u010dinju srednjo\u0161kolsko obrazovanje.<\/p>\n<p><em>\u201cS obzirom na trenutnu situaciju, veoma smo zabrinuti kako \u0107e se odvijati nastava u \u0161kolama. Zabrinuti smo zbog\u00a0 bezbednosti dece i kako \u0107e distanca koju moraju da se pridr\u017eavaju uticati na njihovu socijalizaciju\u201d,<\/em> rekla nam je Marija Dimi\u0107 majka dvoje \u0161kolaraca.<\/p>\n<p>Kako je najavljeno do sledec\u0301e sedmice nec\u0301e biti kona\u010dne odluke o tome kako c\u0301e zapo\u010deti proces nastave na Kosovu, a \u0161to se ti\u010de organizovanja nastave, razmatraju se tri modela.<\/p>\n<p>Prvi je standardna, normalna verzija odr\u017eavanja nastave, odnosno da \u0111aci idu u \u0161kolu kao i ranije. Prema nekim najavama postoji mogu\u0107nost da \u0111aci svoje radno okru\u017eenje smenjuju na dve nedelje. Ta\u010dnije, da dve nedelje nastavu prate od ku\u0107e, a da onda naredne dve nedelje idu u \u0161kolu.<\/p>\n<p>Ukoliko jesen do\u010dekamo sa drugim talasom korona virusa, nastava \u0107e se naverovatnije odr\u017eavati onlajn kao \u0161to je to bilo i krajem pro\u0161le \u0161kolske godine.<\/p>\n<p>&nbsp;<\/p>\n","protected":false},"excerpt":{"rendered":"<p>Neizvesnost u vezi s tim kako \u0107e na jesen izgledati nastava i da li \u0107e deca u\u010diti u \u0161koli ili od ku\u0107e, jedna je od naj\u010de\u0161\u0107ih tema pred novu \u0161kolsku godinu. Dodatno su zabrinuti roditelji budu\u0107ih prvaka, u\u010denika koji treba da krenu u peti razred, kao i onih koji po\u010dinju srednjo\u0161kolsko obrazovanje. \u201cS obzirom na&hellip;<\/p>\n","protected":false},"author":2,"featured_media":8743,"comment_status":"closed","ping_status":"closed","sticky":false,"template":"","format":"standard","meta":{"footnotes":""},"categories":[2],"tags":[],"class_list":["post-8742","post","type-post","status-publish","format-standard","has-post-thumbnail","hentry","category-news","category-2","description-off"],"_links":{"self":[{"href":"https:\/\/radiokfor.com\/2\/wp-json\/wp\/v2\/posts\/8742","targetHints":{"allow":["GET"]}}],"collection":[{"href":"https:\/\/radiokfor.com\/2\/wp-json\/wp\/v2\/posts"}],"about":[{"href":"https:\/\/radiokfor.com\/2\/wp-json\/wp\/v2\/types\/post"}],"author":[{"embeddable":true,"href":"https:\/\/radiokfor.com\/2\/wp-json\/wp\/v2\/users\/2"}],"replies":[{"embeddable":true,"href":"https:\/\/radiokfor.com\/2\/wp-json\/wp\/v2\/comments?post=8742"}],"version-history":[{"count":1,"href":"https:\/\/radiokfor.com\/2\/wp-json\/wp\/v2\/posts\/8742\/revisions"}],"predecessor-version":[{"id":8744,"href":"https:\/\/radiokfor.com\/2\/wp-json\/wp\/v2\/posts\/8742\/revisions\/8744"}],"wp:featuredmedia":[{"embeddable":true,"href":"https:\/\/radiokfor.com\/2\/wp-json\/wp\/v2\/media\/8743"}],"wp:attachment":[{"href":"https:\/\/radiokfor.com\/2\/wp-json\/wp\/v2\/media?parent=8742"}],"wp:term":[{"taxonomy":"category","embeddable":true,"href":"https:\/\/radiokfor.com\/2\/wp-json\/wp\/v2\/categories?post=8742"},{"taxonomy":"post_tag","embeddable":true,"href":"https:\/\/radiokfor.com\/2\/wp-json\/wp\/v2\/tags?post=8742"}],"curies":[{"name":"wp","href":"https:\/\/api.w.org\/{rel}","templated":true}]}}