{"id":8718,"date":"2020-08-19T08:23:53","date_gmt":"2020-08-19T08:23:53","guid":{"rendered":"http:\/\/radiokfor.com\/2\/?p=8718"},"modified":"2020-08-19T08:23:53","modified_gmt":"2020-08-19T08:23:53","slug":"cuvajmo-kulturno-naslede-za-generacije-koje-dolaze","status":"publish","type":"post","link":"https:\/\/radiokfor.com\/2\/cuvajmo-kulturno-naslede-za-generacije-koje-dolaze\/","title":{"rendered":"\u010cuvajmo kulturno nasle\u0111e za generacije koje dolaze"},"content":{"rendered":"<p>Kulturno nasle\u0111e na Kosovu je godinama stvarano, zato mi danas mo\u017eemo da u\u017eivamo u lepoti, ali i pou\u010dnosti koje nam ono pru\u017ea. Da bi i naredne generacije imale tu priliku, va\u017eno je da to nasle\u0111e o\u010duvamo.<\/p>\n<p>O tome koliko je kulturno nasle\u0111e Kosova bogato, govorila je Teodora \u0110oki\u0107 iz Turisti\u010dke organizacije Gra\u010danica:<\/p>\n<p>\u201eKulturno nasle\u0111e je odraz ne\u010dije pro\u0161losti, ali kako \u0107emo kulturno nasle\u0111e negovati i \u010duvati, od toga zavisi na\u0161a budu\u0107nost. Smatram da kulturno nasle\u0111e predstavlja bogatstvo, ali i raznolikost i oblikuje budu\u0107e nara\u0161taje. Na\u0161e kulturno nasle\u0111e je izuzetno bogato, trebamo se njime ponositi i prenositi ga na\u0161im potomcima, isto kao \u0161to su na\u0161i preci to radili pre nas.\u201c<\/p>\n<p>\u010cuvajmo i u\u010dimo o kulturnom nasle\u0111u, za bolju budu\u0107nost narednih generacija!<\/p>\n","protected":false},"excerpt":{"rendered":"<p>Kulturno nasle\u0111e na Kosovu je godinama stvarano, zato mi danas mo\u017eemo da u\u017eivamo u lepoti, ali i pou\u010dnosti koje nam ono pru\u017ea. Da bi i naredne generacije imale tu priliku, va\u017eno je da to nasle\u0111e o\u010duvamo. O tome koliko je kulturno nasle\u0111e Kosova bogato, govorila je Teodora \u0110oki\u0107 iz Turisti\u010dke organizacije Gra\u010danica: \u201eKulturno nasle\u0111e je&hellip;<\/p>\n","protected":false},"author":2,"featured_media":8719,"comment_status":"closed","ping_status":"closed","sticky":false,"template":"","format":"standard","meta":{"footnotes":""},"categories":[2],"tags":[285],"class_list":["post-8718","post","type-post","status-publish","format-standard","has-post-thumbnail","hentry","category-news","tag-kulturno-naslede","category-2","description-off"],"_links":{"self":[{"href":"https:\/\/radiokfor.com\/2\/wp-json\/wp\/v2\/posts\/8718","targetHints":{"allow":["GET"]}}],"collection":[{"href":"https:\/\/radiokfor.com\/2\/wp-json\/wp\/v2\/posts"}],"about":[{"href":"https:\/\/radiokfor.com\/2\/wp-json\/wp\/v2\/types\/post"}],"author":[{"embeddable":true,"href":"https:\/\/radiokfor.com\/2\/wp-json\/wp\/v2\/users\/2"}],"replies":[{"embeddable":true,"href":"https:\/\/radiokfor.com\/2\/wp-json\/wp\/v2\/comments?post=8718"}],"version-history":[{"count":1,"href":"https:\/\/radiokfor.com\/2\/wp-json\/wp\/v2\/posts\/8718\/revisions"}],"predecessor-version":[{"id":8720,"href":"https:\/\/radiokfor.com\/2\/wp-json\/wp\/v2\/posts\/8718\/revisions\/8720"}],"wp:featuredmedia":[{"embeddable":true,"href":"https:\/\/radiokfor.com\/2\/wp-json\/wp\/v2\/media\/8719"}],"wp:attachment":[{"href":"https:\/\/radiokfor.com\/2\/wp-json\/wp\/v2\/media?parent=8718"}],"wp:term":[{"taxonomy":"category","embeddable":true,"href":"https:\/\/radiokfor.com\/2\/wp-json\/wp\/v2\/categories?post=8718"},{"taxonomy":"post_tag","embeddable":true,"href":"https:\/\/radiokfor.com\/2\/wp-json\/wp\/v2\/tags?post=8718"}],"curies":[{"name":"wp","href":"https:\/\/api.w.org\/{rel}","templated":true}]}}