{"id":8715,"date":"2020-08-19T07:18:48","date_gmt":"2020-08-19T07:18:48","guid":{"rendered":"http:\/\/radiokfor.com\/2\/?p=8715"},"modified":"2020-08-19T07:18:48","modified_gmt":"2020-08-19T07:18:48","slug":"danas-je-svetski-dan-humanosti","status":"publish","type":"post","link":"https:\/\/radiokfor.com\/2\/danas-je-svetski-dan-humanosti\/","title":{"rendered":"Danas je Svetski dan humanosti"},"content":{"rendered":"<p>Svetski dan humanosti je dan kojim se obele\u017eava rad humanitarnih radnika, njihov doprinos i \u017ertva u humanitarnim misijama. Ove godine, ovaj dan se obele\u017eava u jeku pandemije KOVID-19 kada humanitarci \u0161irom sveta uspevaju da prevazi\u0111u ovu situaciju bez presedana i pru\u017ee pomo\u0107 stanovni\u0161tvu u desetinama najpogo\u0111enijih zemalja.<\/p>\n<p>O zna\u010daju humanitarnog rada i dru\u0161tvenog aktivizma na tom polju, razgovarali smo s Petrom \u0110or\u0111evi\u0107em predstavnikom NVO \u201eMlada aktivna Gra\u010danica\u201c.<\/p>\n<p><em>\u201eMlada aktivna Gra\u010danica je u prethodnom periodu organizovala brojne humanitarne akcije koje su uglavnom bile fokusirane na mlade kojima je potrebna pomo\u0107 za le\u010denje ili koji \u017eive i te\u0161kim uslovima. Akcije su uglavnom bile uspe\u0161ne zahvaljuju\u0107i lokalnim me\u0161tanima koji su pokazali svoju empati\u010dnost. Drago nam je da neke od mladih ljudi, za koje smo organizovali akcije, mo\u017eemo da vidimo na na\u0161im doga\u0111ajima. Va\u017eno je da damo svoj doprinos, koliki god bio. Kvalitet na\u0161ih akcija je u vidljivosti, i \u010desto se de\u0161avalo da uspe\u0161no prikupimo sredstva tako \u0161to se akcija nastavi i u drugim mestima, ili je primete poznate li\u010dnosti koje mogu da doprinesu vi\u0161e.\u201c<\/em><\/p>\n<p>Svetski dan humanosti se obele\u017eava od 2009. godine, a Generalna skup\u0161tine je usvojila obele\u017eavanje ovog dana rezolucijom A\/63\/L.49.<\/p>\n","protected":false},"excerpt":{"rendered":"<p>Svetski dan humanosti je dan kojim se obele\u017eava rad humanitarnih radnika, njihov doprinos i \u017ertva u humanitarnim misijama. Ove godine, ovaj dan se obele\u017eava u jeku pandemije KOVID-19 kada humanitarci \u0161irom sveta uspevaju da prevazi\u0111u ovu situaciju bez presedana i pru\u017ee pomo\u0107 stanovni\u0161tvu u desetinama najpogo\u0111enijih zemalja. O zna\u010daju humanitarnog rada i dru\u0161tvenog aktivizma na&hellip;<\/p>\n","protected":false},"author":2,"featured_media":8716,"comment_status":"closed","ping_status":"closed","sticky":false,"template":"","format":"standard","meta":{"footnotes":""},"categories":[2],"tags":[2447,2446,228],"class_list":["post-8715","post","type-post","status-publish","format-standard","has-post-thumbnail","hentry","category-news","tag-humanitarni-rad","tag-humanosti","tag-svetski-dan","category-2","description-off"],"_links":{"self":[{"href":"https:\/\/radiokfor.com\/2\/wp-json\/wp\/v2\/posts\/8715","targetHints":{"allow":["GET"]}}],"collection":[{"href":"https:\/\/radiokfor.com\/2\/wp-json\/wp\/v2\/posts"}],"about":[{"href":"https:\/\/radiokfor.com\/2\/wp-json\/wp\/v2\/types\/post"}],"author":[{"embeddable":true,"href":"https:\/\/radiokfor.com\/2\/wp-json\/wp\/v2\/users\/2"}],"replies":[{"embeddable":true,"href":"https:\/\/radiokfor.com\/2\/wp-json\/wp\/v2\/comments?post=8715"}],"version-history":[{"count":1,"href":"https:\/\/radiokfor.com\/2\/wp-json\/wp\/v2\/posts\/8715\/revisions"}],"predecessor-version":[{"id":8717,"href":"https:\/\/radiokfor.com\/2\/wp-json\/wp\/v2\/posts\/8715\/revisions\/8717"}],"wp:featuredmedia":[{"embeddable":true,"href":"https:\/\/radiokfor.com\/2\/wp-json\/wp\/v2\/media\/8716"}],"wp:attachment":[{"href":"https:\/\/radiokfor.com\/2\/wp-json\/wp\/v2\/media?parent=8715"}],"wp:term":[{"taxonomy":"category","embeddable":true,"href":"https:\/\/radiokfor.com\/2\/wp-json\/wp\/v2\/categories?post=8715"},{"taxonomy":"post_tag","embeddable":true,"href":"https:\/\/radiokfor.com\/2\/wp-json\/wp\/v2\/tags?post=8715"}],"curies":[{"name":"wp","href":"https:\/\/api.w.org\/{rel}","templated":true}]}}