{"id":8688,"date":"2020-08-17T17:03:04","date_gmt":"2020-08-17T17:03:04","guid":{"rendered":"http:\/\/radiokfor.com\/2\/?p=8688"},"modified":"2020-08-17T17:31:16","modified_gmt":"2020-08-17T17:31:16","slug":"regionalna-vodovodna-kompanija-iz-pristine-zapocela-sa-restrikcijama-vode","status":"publish","type":"post","link":"https:\/\/radiokfor.com\/2\/regionalna-vodovodna-kompanija-iz-pristine-zapocela-sa-restrikcijama-vode\/","title":{"rendered":"Regionalna vodovodna kompanija iz Pri\u0161tine zapo\u010dela sa restrikcijama vode"},"content":{"rendered":"<p>Zvani\u010dnici Pri\u0161tinskog Regionalnog vodovoda, izjavili su da su zbog nedostatka atmosferskih padavina na Kosovu, posebno u protekle dve godine, bili primorani da uvedu nove mere kada je u pitanju vodosnabdevanje.<\/p>\n<p>Regionalna vodovodna kompanija iz Pri\u0161tine je preduzela niz mera predostro\u017enosti kako se postoje\u0107a situacija ne bi jos vi\u0161e pogor\u0161ala. O kakvim merama se radi, rekao nam je Izvr\u0161ni direktor Regionalne vodovodne kompanije iz Pri\u0161tine Sokolj \u0110ava.<\/p>\n<p>\u201ePovodom saop\u0161tenja za javnost koji smo predstavili 15. avgusta, Regionalna vodovodna kompanija po\u010dela je sa restrikcijama vode onako kako je i planirano. U gradskim sredinama bi\u0107e smanjen protok vode u periodu izme\u0111u pono\u0107i pa sve do 4 \u010dasa ujutru. Razlog smanjenog protoka vode u ovom terminu je taj \u0161to je u tom periodu potro\u0161nja vode svedena na mimimum od strane potro\u0161a\u010da. \u0160to se ti\u010de ruralnih podru\u010dja, tamo su redukcije na ne\u0161to vi\u0161em nivou ili uslovno ve\u0107e jer je zloupotreba sa jedne strane mnogostruko vec\u0301a, tako da \u0107e redukcije po\u010deti od 18:00\u00a0 i traja\u0107e do 06:00 ujutru. Ujedno postoji plan redukcije i u tim podru\u010djima, jer moramo uzeti u obzir da je u toku pandemija, i da je ljudima potrebno\u00a0 kvalitetno snabdevanje vodom\u201c.<\/p>\n<p>Pozivamo sve potro\u0161a\u010de da racionalno koriste vodu, izbegavaju ilegalne priklju\u010dke i izmiruju svoje obaveze na vreme prema Regionalnoj vodovodnoj kompaniji, jer samo na taj na\u010din ova kompanija mo\u017ee biti od koristi svim gra\u0111anima.<\/p>\n","protected":false},"excerpt":{"rendered":"<p>Zvani\u010dnici Pri\u0161tinskog Regionalnog vodovoda, izjavili su da su zbog nedostatka atmosferskih padavina na Kosovu, posebno u protekle dve godine, bili primorani da uvedu nove mere kada je u pitanju vodosnabdevanje. Regionalna vodovodna kompanija iz Pri\u0161tine je preduzela niz mera predostro\u017enosti kako se postoje\u0107a situacija ne bi jos vi\u0161e pogor\u0161ala. O kakvim merama se radi, rekao&hellip;<\/p>\n","protected":false},"author":2,"featured_media":8690,"comment_status":"closed","ping_status":"closed","sticky":false,"template":"","format":"standard","meta":{"footnotes":""},"categories":[2],"tags":[2443,1887,199],"class_list":["post-8688","post","type-post","status-publish","format-standard","has-post-thumbnail","hentry","category-news","tag-restrikcije","tag-voda","tag-kosovo","category-2","description-off"],"_links":{"self":[{"href":"https:\/\/radiokfor.com\/2\/wp-json\/wp\/v2\/posts\/8688","targetHints":{"allow":["GET"]}}],"collection":[{"href":"https:\/\/radiokfor.com\/2\/wp-json\/wp\/v2\/posts"}],"about":[{"href":"https:\/\/radiokfor.com\/2\/wp-json\/wp\/v2\/types\/post"}],"author":[{"embeddable":true,"href":"https:\/\/radiokfor.com\/2\/wp-json\/wp\/v2\/users\/2"}],"replies":[{"embeddable":true,"href":"https:\/\/radiokfor.com\/2\/wp-json\/wp\/v2\/comments?post=8688"}],"version-history":[{"count":7,"href":"https:\/\/radiokfor.com\/2\/wp-json\/wp\/v2\/posts\/8688\/revisions"}],"predecessor-version":[{"id":8697,"href":"https:\/\/radiokfor.com\/2\/wp-json\/wp\/v2\/posts\/8688\/revisions\/8697"}],"wp:featuredmedia":[{"embeddable":true,"href":"https:\/\/radiokfor.com\/2\/wp-json\/wp\/v2\/media\/8690"}],"wp:attachment":[{"href":"https:\/\/radiokfor.com\/2\/wp-json\/wp\/v2\/media?parent=8688"}],"wp:term":[{"taxonomy":"category","embeddable":true,"href":"https:\/\/radiokfor.com\/2\/wp-json\/wp\/v2\/categories?post=8688"},{"taxonomy":"post_tag","embeddable":true,"href":"https:\/\/radiokfor.com\/2\/wp-json\/wp\/v2\/tags?post=8688"}],"curies":[{"name":"wp","href":"https:\/\/api.w.org\/{rel}","templated":true}]}}