{"id":8675,"date":"2020-08-16T10:52:05","date_gmt":"2020-08-16T10:52:05","guid":{"rendered":"http:\/\/radiokfor.com\/2\/?p=8675"},"modified":"2020-08-16T10:52:05","modified_gmt":"2020-08-16T10:52:05","slug":"upotreba-vode-tokom-leta-i-restrikcije-u-vodosnabdevanju","status":"publish","type":"post","link":"https:\/\/radiokfor.com\/2\/upotreba-vode-tokom-leta-i-restrikcije-u-vodosnabdevanju\/","title":{"rendered":"Upotreba vode tokom leta i restrikcije u vodosnabdevanju"},"content":{"rendered":"<p>Visoke temperature i dugotrajna su\u0161a karakteristi\u010dni su za letnje mesece. Tada se pove\u0107ava upotreba vode, kako za li\u010dne potrebe, tako i za odr\u017eavanje ba\u0161ti, vrtova, pranje automobila.<\/p>\n<p>Ki\u0161e koje su padale ove godine jo\u0161 uvek ne mogu da nadoknade manjak padavina od pro\u0161le godine, pa prema izve\u0161taju Regionalnog vodovoda \u201cPri\u0161tina\u201d, situacija u dva ve\u0161ta\u010dka jezera koja napajaju vodom gotovo polovinu Kosova su dosta ispod maksimalnog nivoa. Tako je na Gra\u010dani\u010dkom jezeru zabele\u017een vodostaj skoro 10 metara ispod maksimuma, dok na Batlavi taj nivo iznosi skoro 5 metara manje.<\/p>\n<p>Zbog ove situacije, Regionalni vodovod &#8220;Pri\u0161tina&#8221; doneo je odluku da \u0107e od 15. avgusta do 15. septembra po\u010deti sa restrikcijama u vodosnabdevanju.<\/p>\n<p>Odluku o isklju\u010denju snabdevanjem vode ta kompanija je donela zbog o\u010duvanja vodnih resursa, kvaliteta vode za pi\u0107e i otklanjanja posledica su\u0161e.<\/p>\n<p>U svim ruralnim podru\u010djima, koja raspola\u017eu alternativnim izvorima, restrikcije vode bi\u0107e u intervalu od 18 do 6 \u010dasova ujutru.<\/p>\n<p>U gradskim sredinama restrikcija vode za pi\u0107e \u0107e trajati 4 \u010dasa, od pono\u0107i do 4 \u010dasa ujutru.<\/p>\n<p>Na kraju, evo nekoliko saveta kako da u\u0161tedite vodu:<\/p>\n<ul>\n<li>Zalivajte ba\u0161tu u ranim jutarnjim ili kasnim ve\u010dernjim satima jer \u0107e na taj na\u010din voda du\u017ee ostati u zemlji.<\/li>\n<li>Skra\u0107ivanjem tu\u0161iranja na dva minuta mo\u017eete u\u0161tedeti ogromne koli\u010dine vode po osobi doma\u0107instva godi\u0161nje.<\/li>\n<li>Koristite ma\u0161inu za pranje sudova.<\/li>\n<li>Uklju\u010dujte ve\u0161 ma\u0161inu samo kad je potpuno napunjena.<\/li>\n<\/ul>\n<p>Voda je \u017eivot \u2013 \u0161tedite je.<\/p>\n","protected":false},"excerpt":{"rendered":"<p>Visoke temperature i dugotrajna su\u0161a karakteristi\u010dni su za letnje mesece. Tada se pove\u0107ava upotreba vode, kako za li\u010dne potrebe, tako i za odr\u017eavanje ba\u0161ti, vrtova, pranje automobila. Ki\u0161e koje su padale ove godine jo\u0161 uvek ne mogu da nadoknade manjak padavina od pro\u0161le godine, pa prema izve\u0161taju Regionalnog vodovoda \u201cPri\u0161tina\u201d, situacija u dva ve\u0161ta\u010dka jezera&hellip;<\/p>\n","protected":false},"author":2,"featured_media":8676,"comment_status":"closed","ping_status":"closed","sticky":false,"template":"","format":"standard","meta":{"footnotes":""},"categories":[2],"tags":[1887,1339,2343,2441,2442],"class_list":["post-8675","post","type-post","status-publish","format-standard","has-post-thumbnail","hentry","category-news","tag-voda","tag-jezero","tag-leto","tag-vodosnabdevanje","tag-vodostaj","category-2","description-off"],"_links":{"self":[{"href":"https:\/\/radiokfor.com\/2\/wp-json\/wp\/v2\/posts\/8675","targetHints":{"allow":["GET"]}}],"collection":[{"href":"https:\/\/radiokfor.com\/2\/wp-json\/wp\/v2\/posts"}],"about":[{"href":"https:\/\/radiokfor.com\/2\/wp-json\/wp\/v2\/types\/post"}],"author":[{"embeddable":true,"href":"https:\/\/radiokfor.com\/2\/wp-json\/wp\/v2\/users\/2"}],"replies":[{"embeddable":true,"href":"https:\/\/radiokfor.com\/2\/wp-json\/wp\/v2\/comments?post=8675"}],"version-history":[{"count":1,"href":"https:\/\/radiokfor.com\/2\/wp-json\/wp\/v2\/posts\/8675\/revisions"}],"predecessor-version":[{"id":8677,"href":"https:\/\/radiokfor.com\/2\/wp-json\/wp\/v2\/posts\/8675\/revisions\/8677"}],"wp:featuredmedia":[{"embeddable":true,"href":"https:\/\/radiokfor.com\/2\/wp-json\/wp\/v2\/media\/8676"}],"wp:attachment":[{"href":"https:\/\/radiokfor.com\/2\/wp-json\/wp\/v2\/media?parent=8675"}],"wp:term":[{"taxonomy":"category","embeddable":true,"href":"https:\/\/radiokfor.com\/2\/wp-json\/wp\/v2\/categories?post=8675"},{"taxonomy":"post_tag","embeddable":true,"href":"https:\/\/radiokfor.com\/2\/wp-json\/wp\/v2\/tags?post=8675"}],"curies":[{"name":"wp","href":"https:\/\/api.w.org\/{rel}","templated":true}]}}