{"id":8494,"date":"2020-08-04T09:03:54","date_gmt":"2020-08-04T09:03:54","guid":{"rendered":"http:\/\/radiokfor.com\/2\/?p=8494"},"modified":"2020-08-04T09:03:54","modified_gmt":"2020-08-04T09:03:54","slug":"zbog-korona-virusa-zatvoreni-bazeni","status":"publish","type":"post","link":"https:\/\/radiokfor.com\/2\/zbog-korona-virusa-zatvoreni-bazeni\/","title":{"rendered":"Zbog Korona virusa zatvoreni bazeni"},"content":{"rendered":"<p>Sa dolaskom letnje sezone, jedna od prvih stvari o kojoj razmi\u0161ljamo je gde pronac\u0301i sve\u017einu tokom ovih vrelih letnji dana.<\/p>\n<p>Bazeni su jedna od opcija koju ljudi na Kosovu obi\u010dno koriste tokom letnjih meseci. Me\u0111utim, ove godine to nije moguc\u0301e zbog situacije koju je stvorila pandemija \u201eKovid &#8211; 19\u201c. Naime\u00a0 odlukom Vlade Kosova svi bazeni su zatvoreni od 30. jula 2020. i \u00a0za sada nije poznato da li c\u0301e se ponovo otvoriti ove godine.<\/p>\n<p>Da li se virus &#8220;Kovid-19&#8221; prenosi putem vode? Ovo je samo jedno od mnogih pitanja koja su postavljena nakon nedavne odluke Vlade da zatvori bazene. Na ovo\u00a0 pitanje odgovor nam je dao profesor za mikrobiologiju i kontrolu infekcije na Pri\u0161tinskom univerzitetu, Ljulj Raka.<\/p>\n<p>&#8220;Bazeni nisu zatvoreni zbog vode, jer se virus ne prenosi putem vode, jer voda ima hlor a hlor ga dezinfikuje. Bazeni su zatvoreni zbog gu\u017eve i problem je \u0161to je se ne po\u0161tuju propisane mere, pre svega\u00a0 socijalno distanciranje&#8221;.<\/p>\n<p>Zbog straha da ne do\u0111e do zaraze veliki broj gra\u0111ana je odlu\u010dio da ne ide na bazene i u periodu dok su oni radili. Ukoliko se u narednom peroidu epidemiolo\u0161ka situacija na Kosovu popravi i do\u0111e do ponovnog otvaranja kupali\u0161ta, morate znati slede\u0107e:<\/p>\n<p>Voda nije opasna \u010dak i ako je progutate i trenutno nema dokaza da Korona virus mo\u017ee inficirati ljude putem vode. Ovo va\u017ei za bazene, hidromasa\u017ene kade, kao i prirodna kupali\u0161ta poput mora ili jezera. Veoma je bitno koliko ste blizu drugih ljudi, a ono na \u0161ta posebno treba da obratite pa\u017enju su gu\u017eve na ulazu, u javnim toaletima, svla\u010dionicama i kafi\u0107ima unutar kupali\u0161ta.<\/p>\n<p>&nbsp;<\/p>\n<p>&nbsp;<\/p>\n","protected":false},"excerpt":{"rendered":"<p>Sa dolaskom letnje sezone, jedna od prvih stvari o kojoj razmi\u0161ljamo je gde pronac\u0301i sve\u017einu tokom ovih vrelih letnji dana. Bazeni su jedna od opcija koju ljudi na Kosovu obi\u010dno koriste tokom letnjih meseci. Me\u0111utim, ove godine to nije moguc\u0301e zbog situacije koju je stvorila pandemija \u201eKovid &#8211; 19\u201c. Naime\u00a0 odlukom Vlade Kosova svi bazeni&hellip;<\/p>\n","protected":false},"author":2,"featured_media":8495,"comment_status":"closed","ping_status":"closed","sticky":false,"template":"","format":"standard","meta":{"footnotes":""},"categories":[2],"tags":[2411,2412,2228],"class_list":["post-8494","post","type-post","status-publish","format-standard","has-post-thumbnail","hentry","category-news","tag-bazeni","tag-zatvoreni","tag-korona","category-2","description-off"],"_links":{"self":[{"href":"https:\/\/radiokfor.com\/2\/wp-json\/wp\/v2\/posts\/8494","targetHints":{"allow":["GET"]}}],"collection":[{"href":"https:\/\/radiokfor.com\/2\/wp-json\/wp\/v2\/posts"}],"about":[{"href":"https:\/\/radiokfor.com\/2\/wp-json\/wp\/v2\/types\/post"}],"author":[{"embeddable":true,"href":"https:\/\/radiokfor.com\/2\/wp-json\/wp\/v2\/users\/2"}],"replies":[{"embeddable":true,"href":"https:\/\/radiokfor.com\/2\/wp-json\/wp\/v2\/comments?post=8494"}],"version-history":[{"count":1,"href":"https:\/\/radiokfor.com\/2\/wp-json\/wp\/v2\/posts\/8494\/revisions"}],"predecessor-version":[{"id":8496,"href":"https:\/\/radiokfor.com\/2\/wp-json\/wp\/v2\/posts\/8494\/revisions\/8496"}],"wp:featuredmedia":[{"embeddable":true,"href":"https:\/\/radiokfor.com\/2\/wp-json\/wp\/v2\/media\/8495"}],"wp:attachment":[{"href":"https:\/\/radiokfor.com\/2\/wp-json\/wp\/v2\/media?parent=8494"}],"wp:term":[{"taxonomy":"category","embeddable":true,"href":"https:\/\/radiokfor.com\/2\/wp-json\/wp\/v2\/categories?post=8494"},{"taxonomy":"post_tag","embeddable":true,"href":"https:\/\/radiokfor.com\/2\/wp-json\/wp\/v2\/tags?post=8494"}],"curies":[{"name":"wp","href":"https:\/\/api.w.org\/{rel}","templated":true}]}}