{"id":8491,"date":"2020-08-04T04:56:02","date_gmt":"2020-08-04T04:56:02","guid":{"rendered":"http:\/\/radiokfor.com\/2\/?p=8491"},"modified":"2020-08-04T04:56:02","modified_gmt":"2020-08-04T04:56:02","slug":"volonteri-u-borbi-protiv-covid-19","status":"publish","type":"post","link":"https:\/\/radiokfor.com\/2\/volonteri-u-borbi-protiv-covid-19\/","title":{"rendered":"Volonteri u borbi protiv \u201eCovid-19\u201c"},"content":{"rendered":"<p>&nbsp;<\/p>\n<p>Od po\u010detka pandemije \u201eCovid-19\u201c, na dru\u0161tvenoj mre\u017ei \u201eFacebook\u201c formirana je javna grupa pod nazivom \u201eVolonteri #COVID-19\u201c, koja, do sada broji 11.900 \u010dlanova sa celog Kosova.<\/p>\n<p>Ova grupa je pokrenuta na inicijativu organizacije za za\u0161titu \u017eivotne sredine \u201eU\u010dinimo to na Kosovu\u201c, sa ciljem da objedini sve one gra\u0111ane, bez obzira na razlike, koji \u017eele dobrovoljno da doprinesu da \u0161to lak\u0161e, bezbednije i uspe\u0161no upravljaju situacijom u toku pandemije \u201cCovid19\u201d.<\/p>\n<p>Ova grupa radi na podizanju svesti gra\u0111ana o preventivnim i za\u0161titnim merama protiv \u201eCovid-19\u201c kroz kontinuirano i ta\u010dno informisanje, kao i na stvaranju baze dobrovoljaca koji su spremni da doprinesu u borbi protiv \u201eCovid-19\u201c. Tako\u0111e, cilj je i pru\u017eanje pomo\u0107i ugro\u017eenim porodicama \u0161irom Kosova u toku pandemije.<\/p>\n<p>Jedan od menad\u017eera ove grupe, Besnik \u0160abiu, obja\u0161njava koje \u0107e sve aktivnosti biti sprovedene u narednom periodu.<\/p>\n<p>\u201eU avgustu c\u0301e biti podeljene maske, bro\u0161ure i obavljeni razgovori sa gra\u0111anima o va\u017enosti po\u0161tovanja mera za spre\u010davanje \u0161irenja virusa \u201eCovid &#8211; 19\u201c. Cela aktivnost odvijac\u0301e se u punoj koordinaciji sa Ministarstvom zdravlja, Kosovskim institutom za javno zdravlje i op\u0161tinskim \u0161tabovima za vanredne situacije. Nakon toga, sanitarni inspektori c\u0301e pomoc\u0301i u najefikasnijem nadgledanju stanja na terenu, u pogledu po\u0161tovanja mera za\u0161tite. Tako\u0111e, u saradnji sa nadle\u017enim institucijama, \u010dlanovi grupe, putem dru\u0161tvenih mre\u017ea, u direktnom razgovoru sa gra\u0111anima, kao i putem medija, tra\u017eic\u0301e od gra\u0111ana da prijavljuju u \u0161to vec\u0301em broju slu\u010dajeve kr\u0161enja bezbednosnih mera protiv COVID-19. Ovo c\u0301e biti moguc\u0301e obezbe\u0111ivanjem brojeva telefona na koje gra\u0111ani mogu u svakom trenutku besplatno da pozovu \u2013 bi\u0107e uspostavljen Centar za prijavljivanje poziva pod nazivom \u201ePrijavi kr\u0161enje COVID-19\u201c.<\/p>\n","protected":false},"excerpt":{"rendered":"<p>&nbsp; Od po\u010detka pandemije \u201eCovid-19\u201c, na dru\u0161tvenoj mre\u017ei \u201eFacebook\u201c formirana je javna grupa pod nazivom \u201eVolonteri #COVID-19\u201c, koja, do sada broji 11.900 \u010dlanova sa celog Kosova. Ova grupa je pokrenuta na inicijativu organizacije za za\u0161titu \u017eivotne sredine \u201eU\u010dinimo to na Kosovu\u201c, sa ciljem da objedini sve one gra\u0111ane, bez obzira na razlike, koji \u017eele dobrovoljno&hellip;<\/p>\n","protected":false},"author":2,"featured_media":7869,"comment_status":"closed","ping_status":"closed","sticky":false,"template":"","format":"standard","meta":{"footnotes":""},"categories":[2],"tags":[],"class_list":["post-8491","post","type-post","status-publish","format-standard","has-post-thumbnail","hentry","category-news","category-2","description-off"],"_links":{"self":[{"href":"https:\/\/radiokfor.com\/2\/wp-json\/wp\/v2\/posts\/8491","targetHints":{"allow":["GET"]}}],"collection":[{"href":"https:\/\/radiokfor.com\/2\/wp-json\/wp\/v2\/posts"}],"about":[{"href":"https:\/\/radiokfor.com\/2\/wp-json\/wp\/v2\/types\/post"}],"author":[{"embeddable":true,"href":"https:\/\/radiokfor.com\/2\/wp-json\/wp\/v2\/users\/2"}],"replies":[{"embeddable":true,"href":"https:\/\/radiokfor.com\/2\/wp-json\/wp\/v2\/comments?post=8491"}],"version-history":[{"count":1,"href":"https:\/\/radiokfor.com\/2\/wp-json\/wp\/v2\/posts\/8491\/revisions"}],"predecessor-version":[{"id":8492,"href":"https:\/\/radiokfor.com\/2\/wp-json\/wp\/v2\/posts\/8491\/revisions\/8492"}],"wp:featuredmedia":[{"embeddable":true,"href":"https:\/\/radiokfor.com\/2\/wp-json\/wp\/v2\/media\/7869"}],"wp:attachment":[{"href":"https:\/\/radiokfor.com\/2\/wp-json\/wp\/v2\/media?parent=8491"}],"wp:term":[{"taxonomy":"category","embeddable":true,"href":"https:\/\/radiokfor.com\/2\/wp-json\/wp\/v2\/categories?post=8491"},{"taxonomy":"post_tag","embeddable":true,"href":"https:\/\/radiokfor.com\/2\/wp-json\/wp\/v2\/tags?post=8491"}],"curies":[{"name":"wp","href":"https:\/\/api.w.org\/{rel}","templated":true}]}}