{"id":8245,"date":"2020-07-14T11:38:07","date_gmt":"2020-07-14T11:38:07","guid":{"rendered":"http:\/\/radiokfor.com\/2\/?p=8245"},"modified":"2020-07-14T11:38:07","modified_gmt":"2020-07-14T11:38:07","slug":"da-li-sebe-vidite-kao-mladog-evropskog-ambasadora","status":"publish","type":"post","link":"https:\/\/radiokfor.com\/2\/da-li-sebe-vidite-kao-mladog-evropskog-ambasadora\/","title":{"rendered":"Da li sebe vidite kao mladog evropskog ambasadora?"},"content":{"rendered":"<p>Ukoliko imate izme\u0111u 18 i 29 godina, a sebe vidite kao potencijalnog lidera i nekoga ko pozitivno uti\u010de na svoju sredinu, mo\u017eda ste vi slede\u0107i mladi evropski ambasador.<\/p>\n<p>Potrebno je da popunite kratki formular na engleskom jeziku, i po\u0161aljete jednominutni video u kom govorite o svojim talentima, ambicijama i idejama. Pri\u010dajte o svemu onome \u0161to vas \u010dini idealnim kandidatom za mladog evropskog ambasadora Zapadnog Balkana.<\/p>\n<p>Mladi evrposki ambasadori (YEA) moraju biti otvoreni za razmenu ideja, ulaganje svog vremena i razvoj talenta. Ako budete odabrani ima\u0107ete priliku da se pove\u017eete sa svojim vr\u0161njacima iz \u010ditavog regiona Zapadnog Balkana, kao i Evropske unije, kroz doga\u0111aje i studijska putovanja.<\/p>\n<p>Rok za prijavu je 15. jul 2020.\u00a0 a sve detalje o prijavi, kao i formular za aplikaciju mo\u017eete prona\u0107i <a href=\"https:\/\/www.webalkans.eu\/?fbclid=IwAR3A-RJgkENmLCgvBIVBc9ILDcff7EYRVvGzziwGvjB7KudK_Dco4Y5JoJM\">ovde<\/a>.<\/p>\n","protected":false},"excerpt":{"rendered":"<p>Ukoliko imate izme\u0111u 18 i 29 godina, a sebe vidite kao potencijalnog lidera i nekoga ko pozitivno uti\u010de na svoju sredinu, mo\u017eda ste vi slede\u0107i mladi evropski ambasador. Potrebno je da popunite kratki formular na engleskom jeziku, i po\u0161aljete jednominutni video u kom govorite o svojim talentima, ambicijama i idejama. Pri\u010dajte o svemu onome \u0161to&hellip;<\/p>\n","protected":false},"author":2,"featured_media":8246,"comment_status":"closed","ping_status":"closed","sticky":false,"template":"","format":"standard","meta":{"footnotes":""},"categories":[2],"tags":[2371],"class_list":["post-8245","post","type-post","status-publish","format-standard","has-post-thumbnail","hentry","category-news","tag-mladi-evrposki-ambasadori","category-2","description-off"],"_links":{"self":[{"href":"https:\/\/radiokfor.com\/2\/wp-json\/wp\/v2\/posts\/8245","targetHints":{"allow":["GET"]}}],"collection":[{"href":"https:\/\/radiokfor.com\/2\/wp-json\/wp\/v2\/posts"}],"about":[{"href":"https:\/\/radiokfor.com\/2\/wp-json\/wp\/v2\/types\/post"}],"author":[{"embeddable":true,"href":"https:\/\/radiokfor.com\/2\/wp-json\/wp\/v2\/users\/2"}],"replies":[{"embeddable":true,"href":"https:\/\/radiokfor.com\/2\/wp-json\/wp\/v2\/comments?post=8245"}],"version-history":[{"count":1,"href":"https:\/\/radiokfor.com\/2\/wp-json\/wp\/v2\/posts\/8245\/revisions"}],"predecessor-version":[{"id":8247,"href":"https:\/\/radiokfor.com\/2\/wp-json\/wp\/v2\/posts\/8245\/revisions\/8247"}],"wp:featuredmedia":[{"embeddable":true,"href":"https:\/\/radiokfor.com\/2\/wp-json\/wp\/v2\/media\/8246"}],"wp:attachment":[{"href":"https:\/\/radiokfor.com\/2\/wp-json\/wp\/v2\/media?parent=8245"}],"wp:term":[{"taxonomy":"category","embeddable":true,"href":"https:\/\/radiokfor.com\/2\/wp-json\/wp\/v2\/categories?post=8245"},{"taxonomy":"post_tag","embeddable":true,"href":"https:\/\/radiokfor.com\/2\/wp-json\/wp\/v2\/tags?post=8245"}],"curies":[{"name":"wp","href":"https:\/\/api.w.org\/{rel}","templated":true}]}}