{"id":8211,"date":"2020-07-11T11:30:57","date_gmt":"2020-07-11T11:30:57","guid":{"rendered":"http:\/\/radiokfor.com\/2\/?p=8211"},"modified":"2020-07-11T11:30:57","modified_gmt":"2020-07-11T11:30:57","slug":"drustveni-aktivizam-reorganizacija-u-doba-korone","status":"publish","type":"post","link":"https:\/\/radiokfor.com\/2\/drustveni-aktivizam-reorganizacija-u-doba-korone\/","title":{"rendered":"Dru\u0161tveni aktivizam \u2013 reorganizacija u doba korone"},"content":{"rendered":"<p>Nove okolnosti u kojima \u017eivimo zahtevaju nove na\u010dine delovanja. Ni\u0161ta vi\u0161e nije i ne\u0107e biti isto, pa ni civilno dru\u0161tvo i dru\u0161tveni aktivizam.<\/p>\n<p>Kakve su nove okolnosti na koje moramo da se prilago\u0111avamo, kako biti dru\u0161tveno odgovoran i aktivan, a ostati bezbedan, su neke od tema koje \u0107e se razmatrati na ovom Online dru\u0161tvenom klubu koji po\u010dinje u nedelju 12.jula od 15 \u010dasova.<\/p>\n<p>\u201cZbog novonastale situacije i mera koje su centralne vlasti donele povodom covid 19 pandemije, civilni sektor i generalno nevladine organizacije su se na\u0161le u polo\u017eaju gde sve svoje aktivnosti moraju da prilagode novim merama. Ve\u0107ina aktivista ima pote\u0161ko\u0107e da organizuje svoje doga\u0111aje i da svoj aktivizam na neki na\u010din \u0161ire. Tim povodom smo pozvali Sanju Vukovi\u0107, mo\u017ee se re\u0107i veterana u civilnom sektoru. Ona ce poku\u0161ati da prenese svoja iskustva svima nama, kako da prilagodimo svoje aktivnosti i kako da pritom ostanemo bezbedni od pandemije\u201d, rekao nam je jedan od organizatora\u00a0 Rajko Jovanovi\u0107.<\/p>\n<p>Ova aktivnost se odr\u017eava na online platformi meet.jit.si.<\/p>\n<p>&nbsp;<\/p>\n","protected":false},"excerpt":{"rendered":"<p>Nove okolnosti u kojima \u017eivimo zahtevaju nove na\u010dine delovanja. Ni\u0161ta vi\u0161e nije i ne\u0107e biti isto, pa ni civilno dru\u0161tvo i dru\u0161tveni aktivizam. Kakve su nove okolnosti na koje moramo da se prilago\u0111avamo, kako biti dru\u0161tveno odgovoran i aktivan, a ostati bezbedan, su neke od tema koje \u0107e se razmatrati na ovom Online dru\u0161tvenom klubu&hellip;<\/p>\n","protected":false},"author":2,"featured_media":8212,"comment_status":"closed","ping_status":"closed","sticky":false,"template":"","format":"standard","meta":{"footnotes":""},"categories":[2],"tags":[],"class_list":["post-8211","post","type-post","status-publish","format-standard","has-post-thumbnail","hentry","category-news","category-2","description-off"],"_links":{"self":[{"href":"https:\/\/radiokfor.com\/2\/wp-json\/wp\/v2\/posts\/8211","targetHints":{"allow":["GET"]}}],"collection":[{"href":"https:\/\/radiokfor.com\/2\/wp-json\/wp\/v2\/posts"}],"about":[{"href":"https:\/\/radiokfor.com\/2\/wp-json\/wp\/v2\/types\/post"}],"author":[{"embeddable":true,"href":"https:\/\/radiokfor.com\/2\/wp-json\/wp\/v2\/users\/2"}],"replies":[{"embeddable":true,"href":"https:\/\/radiokfor.com\/2\/wp-json\/wp\/v2\/comments?post=8211"}],"version-history":[{"count":1,"href":"https:\/\/radiokfor.com\/2\/wp-json\/wp\/v2\/posts\/8211\/revisions"}],"predecessor-version":[{"id":8213,"href":"https:\/\/radiokfor.com\/2\/wp-json\/wp\/v2\/posts\/8211\/revisions\/8213"}],"wp:featuredmedia":[{"embeddable":true,"href":"https:\/\/radiokfor.com\/2\/wp-json\/wp\/v2\/media\/8212"}],"wp:attachment":[{"href":"https:\/\/radiokfor.com\/2\/wp-json\/wp\/v2\/media?parent=8211"}],"wp:term":[{"taxonomy":"category","embeddable":true,"href":"https:\/\/radiokfor.com\/2\/wp-json\/wp\/v2\/categories?post=8211"},{"taxonomy":"post_tag","embeddable":true,"href":"https:\/\/radiokfor.com\/2\/wp-json\/wp\/v2\/tags?post=8211"}],"curies":[{"name":"wp","href":"https:\/\/api.w.org\/{rel}","templated":true}]}}