{"id":8148,"date":"2020-07-07T11:17:19","date_gmt":"2020-07-07T11:17:19","guid":{"rendered":"http:\/\/radiokfor.com\/2\/?p=8148"},"modified":"2020-07-07T12:40:10","modified_gmt":"2020-07-07T12:40:10","slug":"danas-se-obelezava-svetski-dan-prastanja","status":"publish","type":"post","link":"https:\/\/radiokfor.com\/2\/danas-se-obelezava-svetski-dan-prastanja\/","title":{"rendered":"Danas se obele\u017eava Svetski dan pra\u0161tanja"},"content":{"rendered":"<p>\u201cSlabi ne mogu pra\u0161tati. Pra\u0161tanje je odlika jakih\u201d, rekao je Gandi. Ukoliko se osvrnemo i pogledamo na\u0161u istoriju mo\u017eemo zaklju\u010diti da ljudi jesu jaki u da su se tokom svog postojanja izborili sa mnogim preprekama, pra\u0161tajuci jedni drugima. Pra\u0161tanjem ostavljamo pro\u0161lost iza sebe, u\u010dimo da \u017eivimo zajedno, upoznajemo jedni druge.<\/p>\n<p>Kako bi nastavili da zajedno gradimo budu\u0107nost za nas ali i za generacije koje dolaze, va\u017eno je da oprostimo jedni drugima i pro\u0161lost ostavimo za sobom.<\/p>\n<p>\u201cLjudi treba da pra\u0161taju jedni drugima, pra\u0161tanjem osloba\u0111amo sebe i osloba\u0111amo se pro\u0161losti koja nas \u010desto sputava da nastavimo dalje i gledamo u budu\u0107nost. Pra\u0161tajmo jedni drugima jer samo na taj na\u010din mo\u017eemo nastaviti da \u017eivimo zajedno i da gradimo bolji svet za nas, ali i za generacije koje dolaze\u201d, rekla je Ivana Janicijevi\u0107.<\/p>\n<p>\u201cTek onda kad oprostimo, mo\u017eemo se pomiriti sa na\u0161om pro\u0161lo\u0161\u0107u. Pra\u0161tanjem otvaramo jedan novi put ka zajedni\u010dkoj budu\u0107nosti, ka zajedni\u010dkom \u017eivotu bez lo\u0161ih emocija i predrasuda\u201d, smatra Valentina Smiljani\u0107.<\/p>\n<p>Pra\u0161tanje le\u010di ljude, zbli\u017eava ih i ujedinjuje. Pra\u0161tanjem \u0107ete izle\u010diti sebe, oslobodi\u0107ete se tereta i istinski u\u017eivati u \u017eivotu i svim njegovim lepotama.<\/p>\n","protected":false},"excerpt":{"rendered":"<p>\u201cSlabi ne mogu pra\u0161tati. Pra\u0161tanje je odlika jakih\u201d, rekao je Gandi. Ukoliko se osvrnemo i pogledamo na\u0161u istoriju mo\u017eemo zaklju\u010diti da ljudi jesu jaki u da su se tokom svog postojanja izborili sa mnogim preprekama, pra\u0161tajuci jedni drugima. Pra\u0161tanjem ostavljamo pro\u0161lost iza sebe, u\u010dimo da \u017eivimo zajedno, upoznajemo jedni druge. Kako bi nastavili da zajedno&hellip;<\/p>\n","protected":false},"author":2,"featured_media":8149,"comment_status":"closed","ping_status":"closed","sticky":false,"template":"","format":"standard","meta":{"footnotes":""},"categories":[2],"tags":[],"class_list":["post-8148","post","type-post","status-publish","format-standard","has-post-thumbnail","hentry","category-news","category-2","description-off"],"_links":{"self":[{"href":"https:\/\/radiokfor.com\/2\/wp-json\/wp\/v2\/posts\/8148","targetHints":{"allow":["GET"]}}],"collection":[{"href":"https:\/\/radiokfor.com\/2\/wp-json\/wp\/v2\/posts"}],"about":[{"href":"https:\/\/radiokfor.com\/2\/wp-json\/wp\/v2\/types\/post"}],"author":[{"embeddable":true,"href":"https:\/\/radiokfor.com\/2\/wp-json\/wp\/v2\/users\/2"}],"replies":[{"embeddable":true,"href":"https:\/\/radiokfor.com\/2\/wp-json\/wp\/v2\/comments?post=8148"}],"version-history":[{"count":2,"href":"https:\/\/radiokfor.com\/2\/wp-json\/wp\/v2\/posts\/8148\/revisions"}],"predecessor-version":[{"id":8151,"href":"https:\/\/radiokfor.com\/2\/wp-json\/wp\/v2\/posts\/8148\/revisions\/8151"}],"wp:featuredmedia":[{"embeddable":true,"href":"https:\/\/radiokfor.com\/2\/wp-json\/wp\/v2\/media\/8149"}],"wp:attachment":[{"href":"https:\/\/radiokfor.com\/2\/wp-json\/wp\/v2\/media?parent=8148"}],"wp:term":[{"taxonomy":"category","embeddable":true,"href":"https:\/\/radiokfor.com\/2\/wp-json\/wp\/v2\/categories?post=8148"},{"taxonomy":"post_tag","embeddable":true,"href":"https:\/\/radiokfor.com\/2\/wp-json\/wp\/v2\/tags?post=8148"}],"curies":[{"name":"wp","href":"https:\/\/api.w.org\/{rel}","templated":true}]}}