{"id":8127,"date":"2020-07-05T17:10:44","date_gmt":"2020-07-05T17:10:44","guid":{"rendered":"http:\/\/radiokfor.com\/2\/?p=8127"},"modified":"2020-07-05T17:10:44","modified_gmt":"2020-07-05T17:10:44","slug":"nove-mere-protiv-sirenja-virusa-covid-19","status":"publish","type":"post","link":"https:\/\/radiokfor.com\/2\/nove-mere-protiv-sirenja-virusa-covid-19\/","title":{"rendered":"Nove mere protiv \u0161irenja virusa covid-19"},"content":{"rendered":"<div id=\"yiv7013959506yMail_cursorElementTracker_1593963315724\">Na dana\u0161njoj konferenciji koju je odr\u017eao premijer Kosova Abdulah Hoti, saop\u0161tio je da su uvedene nove mere, kako bi se spre\u010dilo dalje \u0161irenje virusa Covid-19.<\/div>\n<div id=\"yiv7013959506yMail_cursorElementTracker_1593963324441\">\n<p><em>&#8220;Izvr\u0161ic\u0301emo 500 testova u toku jednog dana, imac\u0301emo dodatni broj kreveta za sme\u0161taj obolelih, u roku od nedelju dana licencirac\u0301emo privatne institucije da rade adekvatne testove, uradic\u0301emo 100 hiljada biolo\u0161kih testova, obezbedic\u0301emo sezonske vakcine, obezbedi\u0107emo 7 ure\u0111aja za dodatne testove, naru\u010dic\u0301emo oko 20.000 vi\u0161e terapija za obolele, obezbedic\u0301emo vec\u0301u opremu i zaposlic\u0301emo dodatno medicinsko osoblje&#8221;,<\/em>\u00a0rekao je premijer Hoti.<\/p>\n<\/div>\n<div id=\"yiv7013959506yMail_cursorElementTracker_1593963323618\">Premijer Hoti je tako\u0111e proglasio mere koje \u0107e stupiti na snagu od sutra u gradovima sa najvi\u0161e obolelih, Pri\u0161tina, Uro\u0161evac i Vu\u010ditrn. Bi\u0107e ograni\u010deno vreme kretanja od 21:00 do 05 ujutru, restorani su obavezni da obezbede hranu za poneti.<\/div>\n<div>Preporuka je da\u00a0 koristite i druge mere prevencije, a to je fizi\u010dka distanca od najmanje jednog metra, kao i redovno pranje ruku.<\/div>\n<div id=\"yiv7013959506yMail_cursorElementTracker_1593963123422\">Na gra\u0111ane se apeluje da se pridr\u017eavaju mera, kako bi za\u0161titili i sebe i svoje okru\u017eenje.<\/div>\n","protected":false},"excerpt":{"rendered":"<p>Na dana\u0161njoj konferenciji koju je odr\u017eao premijer Kosova Abdulah Hoti, saop\u0161tio je da su uvedene nove mere, kako bi se spre\u010dilo dalje \u0161irenje virusa Covid-19. &#8220;Izvr\u0161ic\u0301emo 500 testova u toku jednog dana, imac\u0301emo dodatni broj kreveta za sme\u0161taj obolelih, u roku od nedelju dana licencirac\u0301emo privatne institucije da rade adekvatne testove, uradic\u0301emo 100 hiljada biolo\u0161kih&hellip;<\/p>\n","protected":false},"author":2,"featured_media":8128,"comment_status":"closed","ping_status":"closed","sticky":false,"template":"","format":"standard","meta":{"footnotes":""},"categories":[2],"tags":[],"class_list":["post-8127","post","type-post","status-publish","format-standard","has-post-thumbnail","hentry","category-news","category-2","description-off"],"_links":{"self":[{"href":"https:\/\/radiokfor.com\/2\/wp-json\/wp\/v2\/posts\/8127","targetHints":{"allow":["GET"]}}],"collection":[{"href":"https:\/\/radiokfor.com\/2\/wp-json\/wp\/v2\/posts"}],"about":[{"href":"https:\/\/radiokfor.com\/2\/wp-json\/wp\/v2\/types\/post"}],"author":[{"embeddable":true,"href":"https:\/\/radiokfor.com\/2\/wp-json\/wp\/v2\/users\/2"}],"replies":[{"embeddable":true,"href":"https:\/\/radiokfor.com\/2\/wp-json\/wp\/v2\/comments?post=8127"}],"version-history":[{"count":1,"href":"https:\/\/radiokfor.com\/2\/wp-json\/wp\/v2\/posts\/8127\/revisions"}],"predecessor-version":[{"id":8129,"href":"https:\/\/radiokfor.com\/2\/wp-json\/wp\/v2\/posts\/8127\/revisions\/8129"}],"wp:featuredmedia":[{"embeddable":true,"href":"https:\/\/radiokfor.com\/2\/wp-json\/wp\/v2\/media\/8128"}],"wp:attachment":[{"href":"https:\/\/radiokfor.com\/2\/wp-json\/wp\/v2\/media?parent=8127"}],"wp:term":[{"taxonomy":"category","embeddable":true,"href":"https:\/\/radiokfor.com\/2\/wp-json\/wp\/v2\/categories?post=8127"},{"taxonomy":"post_tag","embeddable":true,"href":"https:\/\/radiokfor.com\/2\/wp-json\/wp\/v2\/tags?post=8127"}],"curies":[{"name":"wp","href":"https:\/\/api.w.org\/{rel}","templated":true}]}}