{"id":8103,"date":"2020-07-03T12:43:02","date_gmt":"2020-07-03T12:43:02","guid":{"rendered":"http:\/\/radiokfor.com\/2\/?p=8103"},"modified":"2020-07-03T12:57:05","modified_gmt":"2020-07-03T12:57:05","slug":"dodela-mtv-nagrada-uzivo-u-njujorku-krajem-avgusta-mozda-i-pred-publikom","status":"publish","type":"post","link":"https:\/\/radiokfor.com\/2\/dodela-mtv-nagrada-uzivo-u-njujorku-krajem-avgusta-mozda-i-pred-publikom\/","title":{"rendered":"Dodela MTV nagrada u\u017eivo u Njujorku krajem avgusta, mo\u017eda i pred publikom"},"content":{"rendered":"<div>\n<div>Dodela MTV video muzi\u010dkih nagrada odr\u017ea\u0107e se u Njujorku krajem avgusta, potvrdili su MTV i guverner Njujorka Endrju Kuomo. Ne zna se jedino da li \u0107e biti pred ograni\u010denim brojem publike ili bez.<\/div>\n<\/div>\n<div><\/div>\n<div><\/div>\n<div><\/div>\n<div>\n<div>Dodela MTV nagrada bi\u0107e prva manifestacija od po\u010detka pandemije koronavirusa koji \u0107e se odr\u017eati fizi\u010dki, a ne putem videoveze.<\/div>\n<\/div>\n<div><\/div>\n<div><\/div>\n<div><\/div>\n<div>\n<p>Rukovodstvo MTV-a i gradona\u010delnik Kuomo su napomenilu da \u0107e se na dodeli nagrada 30. avgusta u Centru \u201eBarklis\u201c u Bruklini svi pridr\u017eavati propisanih epidemiolo\u0161kih mera i da \u0107e \u0161to se ti\u010de publike ili biti ograni\u010deni kapaciteti ili \u0107e se manifestacija odr\u017eati bez prisustva posetilaca, prenosi Rojters.<\/p>\n<\/div>\n<div><\/div>\n<div><\/div>\n<div>\n<div><\/div>\n<div>Arena ima kapacitet od 19.000 mesta, ali iz MTV-a nagla\u0161avaju da \u0107e se strogo po\u0161tovati fizi\u010dko rastojanje me\u0111u posetiocima, a pojedini delovi nastupa \u0107e se odr\u017eati pored nekih od njujor\u0161kih znamenitosti. Za sada se ne zna koliko \u0107e izvo\u0111a\u010da nastupiti. Kako pi\u0161u svetski mediji, detalji i mogu\u0107e opcije \u0107e biti objavljeni kasnije na osnovu epidemiolo\u0161ke situacije u Njujorku.<\/div>\n<\/div>\n<div><\/div>\n<div><\/div>\n<div><\/div>\n<div><\/div>\n<div>\n<div>Dodela muzi\u010dkih nagrada MTV tradicionalno okuplja najve\u0107e muzi\u010dke zvezde koje nastupaju u\u017eivo i jedan je od najve\u0107ih doga\u0111aja u ovoj industriji. Izvo\u0111a\u010di i nominacije za nagrade jo\u0161 nisu objavljeni.<\/div>\n<\/div>\n","protected":false},"excerpt":{"rendered":"<p>Dodela MTV video muzi\u010dkih nagrada odr\u017ea\u0107e se u Njujorku krajem avgusta, potvrdili su MTV i guverner Njujorka Endrju Kuomo. Ne zna se jedino da li \u0107e biti pred ograni\u010denim brojem publike ili bez. Dodela MTV nagrada bi\u0107e prva manifestacija od po\u010detka pandemije koronavirusa koji \u0107e se odr\u017eati fizi\u010dki, a ne putem videoveze. Rukovodstvo MTV-a i&hellip;<\/p>\n","protected":false},"author":2,"featured_media":8104,"comment_status":"closed","ping_status":"closed","sticky":false,"template":"","format":"standard","meta":{"footnotes":""},"categories":[2],"tags":[],"class_list":["post-8103","post","type-post","status-publish","format-standard","has-post-thumbnail","hentry","category-news","category-2","description-off"],"_links":{"self":[{"href":"https:\/\/radiokfor.com\/2\/wp-json\/wp\/v2\/posts\/8103","targetHints":{"allow":["GET"]}}],"collection":[{"href":"https:\/\/radiokfor.com\/2\/wp-json\/wp\/v2\/posts"}],"about":[{"href":"https:\/\/radiokfor.com\/2\/wp-json\/wp\/v2\/types\/post"}],"author":[{"embeddable":true,"href":"https:\/\/radiokfor.com\/2\/wp-json\/wp\/v2\/users\/2"}],"replies":[{"embeddable":true,"href":"https:\/\/radiokfor.com\/2\/wp-json\/wp\/v2\/comments?post=8103"}],"version-history":[{"count":6,"href":"https:\/\/radiokfor.com\/2\/wp-json\/wp\/v2\/posts\/8103\/revisions"}],"predecessor-version":[{"id":8110,"href":"https:\/\/radiokfor.com\/2\/wp-json\/wp\/v2\/posts\/8103\/revisions\/8110"}],"wp:featuredmedia":[{"embeddable":true,"href":"https:\/\/radiokfor.com\/2\/wp-json\/wp\/v2\/media\/8104"}],"wp:attachment":[{"href":"https:\/\/radiokfor.com\/2\/wp-json\/wp\/v2\/media?parent=8103"}],"wp:term":[{"taxonomy":"category","embeddable":true,"href":"https:\/\/radiokfor.com\/2\/wp-json\/wp\/v2\/categories?post=8103"},{"taxonomy":"post_tag","embeddable":true,"href":"https:\/\/radiokfor.com\/2\/wp-json\/wp\/v2\/tags?post=8103"}],"curies":[{"name":"wp","href":"https:\/\/api.w.org\/{rel}","templated":true}]}}