{"id":8086,"date":"2020-07-03T08:33:50","date_gmt":"2020-07-03T08:33:50","guid":{"rendered":"http:\/\/radiokfor.com\/2\/?p=8086"},"modified":"2020-07-03T08:33:50","modified_gmt":"2020-07-03T08:33:50","slug":"via-ferrata-berim-otvaranje-sezone-2020","status":"publish","type":"post","link":"https:\/\/radiokfor.com\/2\/via-ferrata-berim-otvaranje-sezone-2020\/","title":{"rendered":"Via Ferrata Berim &#8211; OTVARANJE SEZONE 2020!"},"content":{"rendered":"<p>U nedelju 5. jula 2020. godine otvara se nova turisti\u010dka sezona na Via Ferrati Berim. I pored pandemije COVID-19, organizatori su uspeli da se organizuju i otvore sezonu za sve ljubitelje ove jedinstvene turisti\u010dke atrakcije.<\/p>\n<p>Na otvaranju \u0107e biti organizovano besplatno penjanje za oko 20-tak u\u010desnika. Prioritet \u0107e imati prijatelji Via Ferrate Berim (nosioci godi\u0161njih karti), u\u010desnici inicijative &#8220;COVID19 izazov&#8221; kao i gra\u0111ani Ibarskog Kola\u0161ina. Ne\u0161to vise povodom otvaranja nove turisti\u010dke\u00a0 sezone,rekao nam je Dragi\u0161a Mija\u010di\u0107, predsednik inicijative za razvoj turizma u op\u0161tini Zubin Potok.<\/p>\n<p><em>&#8220;U nedelju petog jula, otvaramo novu turisti\u010dku sezonu na turisti\u010dkoj atrakciji Via Ferrata Berim. Via Ferrata Berim je jedna od najzna\u010dajnijih turisti\u010dkih atrakcija ne samo na severu Kosova, nego na Kosovu i Balkanu uop\u0161te, koji prestavlja metalni sistem gazi\u0161ta i pomagala, kojim se osvaja vrh od 1730 metara, dok je sama ferata duga oko 4km i prelazi se visinska razlika od 500 metara&#8221;. \u00a0<\/em><\/p>\n<p>Zbog pandemije COVID- 19 koji je stopirao \u010ditavu planetu do\u0161lo je i do pomeranja datuma po\u010detka nove sezone, ali kako je istakao na\u0161 sagovornik i ove godine se o\u010dekuje veliki broj u\u010desnika.<\/p>\n<p><em>&#8220;Usled pandemije koronavirusa i usled nekih nepredvi\u0111enih okolnosti, bili smo u situaciji da odlo\u017eimo sam po\u010detak sezone, koja obi\u010dno startuje oko prvog maja. Ove godine kasnimo i \u010ditava dva meseca, ali mi je drago, da smo i u ovim okolnostima, uspeli da se organizujemo, da otvorimo ovu turisti\u010dku atrakciju,pre svega na radost mnogobrojnih posetioca koje o\u010dekujemo ove godine&#8221;. <\/em><\/p>\n<p>Svi zainteresovani koji imaju svoje via ferrata komplete \u0107e tako\u0111e biti prihva\u0107eni za u\u010de\u0161\u0107e u ovoj manifestaciji. Outdoor In \u0107e obezbediti vodi\u010de i komplete za penjanje, dok se u\u010desnici moraju sami sna\u0107i za prevoz do Previje. Za goste koji dolaze van Zubinog Potoka \u00a0obezbe\u0111en je sme\u0161taj u studentskom domu, Kampu Rezala, Hotelu &#8220;Anita&#8221; i Hotelu &#8220;Dva lava\u201d. Spremite se za avanturu!<\/p>\n","protected":false},"excerpt":{"rendered":"<p>U nedelju 5. jula 2020. godine otvara se nova turisti\u010dka sezona na Via Ferrati Berim. I pored pandemije COVID-19, organizatori su uspeli da se organizuju i otvore sezonu za sve ljubitelje ove jedinstvene turisti\u010dke atrakcije. Na otvaranju \u0107e biti organizovano besplatno penjanje za oko 20-tak u\u010desnika. Prioritet \u0107e imati prijatelji Via Ferrate Berim (nosioci godi\u0161njih&hellip;<\/p>\n","protected":false},"author":2,"featured_media":8087,"comment_status":"closed","ping_status":"closed","sticky":false,"template":"","format":"standard","meta":{"footnotes":""},"categories":[2],"tags":[471,2355,2357,2356],"class_list":["post-8086","post","type-post","status-publish","format-standard","has-post-thumbnail","hentry","category-news","tag-berim","tag-ferrata","tag-nova-sezona","tag-via","category-2","description-off"],"_links":{"self":[{"href":"https:\/\/radiokfor.com\/2\/wp-json\/wp\/v2\/posts\/8086","targetHints":{"allow":["GET"]}}],"collection":[{"href":"https:\/\/radiokfor.com\/2\/wp-json\/wp\/v2\/posts"}],"about":[{"href":"https:\/\/radiokfor.com\/2\/wp-json\/wp\/v2\/types\/post"}],"author":[{"embeddable":true,"href":"https:\/\/radiokfor.com\/2\/wp-json\/wp\/v2\/users\/2"}],"replies":[{"embeddable":true,"href":"https:\/\/radiokfor.com\/2\/wp-json\/wp\/v2\/comments?post=8086"}],"version-history":[{"count":1,"href":"https:\/\/radiokfor.com\/2\/wp-json\/wp\/v2\/posts\/8086\/revisions"}],"predecessor-version":[{"id":8088,"href":"https:\/\/radiokfor.com\/2\/wp-json\/wp\/v2\/posts\/8086\/revisions\/8088"}],"wp:featuredmedia":[{"embeddable":true,"href":"https:\/\/radiokfor.com\/2\/wp-json\/wp\/v2\/media\/8087"}],"wp:attachment":[{"href":"https:\/\/radiokfor.com\/2\/wp-json\/wp\/v2\/media?parent=8086"}],"wp:term":[{"taxonomy":"category","embeddable":true,"href":"https:\/\/radiokfor.com\/2\/wp-json\/wp\/v2\/categories?post=8086"},{"taxonomy":"post_tag","embeddable":true,"href":"https:\/\/radiokfor.com\/2\/wp-json\/wp\/v2\/tags?post=8086"}],"curies":[{"name":"wp","href":"https:\/\/api.w.org\/{rel}","templated":true}]}}