{"id":8061,"date":"2020-07-02T09:24:58","date_gmt":"2020-07-02T09:24:58","guid":{"rendered":"http:\/\/radiokfor.com\/2\/?p=8061"},"modified":"2020-07-02T09:24:58","modified_gmt":"2020-07-02T09:24:58","slug":"poziv-za-prijave-za-dizajn-amblema-logo","status":"publish","type":"post","link":"https:\/\/radiokfor.com\/2\/poziv-za-prijave-za-dizajn-amblema-logo\/","title":{"rendered":"Poziv za prijave za dizajn amblema (logo)"},"content":{"rendered":"<p>Danas je\u00a0logo dizajn\u00a0prava umetnost. Za to je potrebna ideja i kreativnost. Da li ste zainteresovani za kreativan i originalni rad?<\/p>\n<p>Privredna Komora Kosova i GIZ vas pozivaju da dizajnirate model amblema i odgovarajuc\u0301eg slogana. Slanjem nacrta dizajna \u0161tambilja i upe\u010datljivog slogana, doprinec\u0301ete\u00a0 promociji sektora stru\u010dnog obrazovanja i usavr\u0161avanja (SOU), a posebno prakse u\u010denja tokom rada.<\/p>\n<p>Ispunjeni predlozi moraju biti dostavljeni kao datoteka u verzijama: .jpg, .pdf, .png \u00a0do\u00a003. jula 2020.<\/p>\n<p>Logo bi trebalo da bude smislen i jasno da izra\u017eava posvec\u0301enost kompanije 10 kriterijuma promotivnog pe\u010data u\u010denja na radnom mestu (URM). Tako\u0111e, logotip treba da prenosi jasnu poruku.<\/p>\n<p>Vi\u0161e informacija o u\u010de\u0161c\u0301u kao i obrazac za prijavu mo\u017eete pronac\u0301i na sledec\u0301em linku: <a href=\"https:\/\/l.facebook.com\/l.php?u=https%3A%2F%2Fyesforkosovo.org%2Faplikacion%2F2426%2F%3Ffbclid%3DIwAR2yzQidzAi-Er-g7P7rAK10zLk_QeusDpuUrfMwcFB7-MyBjBr4ehdNoJI&amp;h=AT0JUDLIaCnzuXQn_jQ4rolqnrLonauVlwfFUeElGHCxEna3QV4geUaHz8YFhBm97ENNxwUvwNxI3K1SqsM4VvxB-6h-NEDiCwv75FKvKKnWXsigsH2BA4AHg5k7UTtIrg&amp;__tn__=-UK-R&amp;c%5b0%5d=AT0MT8VfPSOer-9_v1xgqbTSCui3-0E8sYs_weNroX-i3NFLeebjZH--c0ZC_hpM2gk078I8279SqzMQVzOKbRfr1jhlxfMp9VDiTGLBKU_xlEDzVepmQwpxpoqNhmm9YJ_jnfO7KyPPKFBrUmqeKv-Di5nvZufDg_JrjHUdCyyH47N6zc-DXtuy8UxDr8U\">https:\/\/yesforkosovo.org\/aplikacion\/2426\/<\/a><\/p>\n","protected":false},"excerpt":{"rendered":"<p>Danas je\u00a0logo dizajn\u00a0prava umetnost. Za to je potrebna ideja i kreativnost. Da li ste zainteresovani za kreativan i originalni rad? Privredna Komora Kosova i GIZ vas pozivaju da dizajnirate model amblema i odgovarajuc\u0301eg slogana. Slanjem nacrta dizajna \u0161tambilja i upe\u010datljivog slogana, doprinec\u0301ete\u00a0 promociji sektora stru\u010dnog obrazovanja i usavr\u0161avanja (SOU), a posebno prakse u\u010denja tokom rada.&hellip;<\/p>\n","protected":false},"author":2,"featured_media":8062,"comment_status":"closed","ping_status":"closed","sticky":false,"template":"","format":"standard","meta":{"footnotes":""},"categories":[2],"tags":[],"class_list":["post-8061","post","type-post","status-publish","format-standard","has-post-thumbnail","hentry","category-news","category-2","description-off"],"_links":{"self":[{"href":"https:\/\/radiokfor.com\/2\/wp-json\/wp\/v2\/posts\/8061","targetHints":{"allow":["GET"]}}],"collection":[{"href":"https:\/\/radiokfor.com\/2\/wp-json\/wp\/v2\/posts"}],"about":[{"href":"https:\/\/radiokfor.com\/2\/wp-json\/wp\/v2\/types\/post"}],"author":[{"embeddable":true,"href":"https:\/\/radiokfor.com\/2\/wp-json\/wp\/v2\/users\/2"}],"replies":[{"embeddable":true,"href":"https:\/\/radiokfor.com\/2\/wp-json\/wp\/v2\/comments?post=8061"}],"version-history":[{"count":1,"href":"https:\/\/radiokfor.com\/2\/wp-json\/wp\/v2\/posts\/8061\/revisions"}],"predecessor-version":[{"id":8069,"href":"https:\/\/radiokfor.com\/2\/wp-json\/wp\/v2\/posts\/8061\/revisions\/8069"}],"wp:featuredmedia":[{"embeddable":true,"href":"https:\/\/radiokfor.com\/2\/wp-json\/wp\/v2\/media\/8062"}],"wp:attachment":[{"href":"https:\/\/radiokfor.com\/2\/wp-json\/wp\/v2\/media?parent=8061"}],"wp:term":[{"taxonomy":"category","embeddable":true,"href":"https:\/\/radiokfor.com\/2\/wp-json\/wp\/v2\/categories?post=8061"},{"taxonomy":"post_tag","embeddable":true,"href":"https:\/\/radiokfor.com\/2\/wp-json\/wp\/v2\/tags?post=8061"}],"curies":[{"name":"wp","href":"https:\/\/api.w.org\/{rel}","templated":true}]}}