{"id":7943,"date":"2020-06-23T12:58:22","date_gmt":"2020-06-23T12:58:22","guid":{"rendered":"http:\/\/radiokfor.com\/2\/?p=7943"},"modified":"2020-06-23T13:08:38","modified_gmt":"2020-06-23T13:08:38","slug":"medunarodni-dan-javnih-sluzbi","status":"publish","type":"post","link":"https:\/\/radiokfor.com\/2\/medunarodni-dan-javnih-sluzbi\/","title":{"rendered":"Me\u0111unarodni dan javnih slu\u017ebi"},"content":{"rendered":"<p>Ove godine se Me\u0111unarodni dan javnih slu\u017ebi obele\u017eava u toku globalne pandemije koronavirusa i samim tim uloga javnih slu\u017ebenika u borbi protiv KOVID-19 dobija na izuzetnom zna\u010daju. Javne slu\u017ebe imaju kriti\u010dnu ulogu u podr\u0161ci zdravstvenom sistemu, koji je u mnogim zemljama bio prenapregnut zbog pomenutog virusa.<\/p>\n<p>O samom danu, ali i konkretnim naporima, govorio je direktor javnih slu\u017ebi u Op\u0161tini Gra\u010danica, Vladica Trajkovi\u0107.<\/p>\n<p>\u201eKao i svaki drugi dan, javne slu\u017ebe ove op\u0161tine dana\u0161nji obele\u017eavaju radno. Ekipe su ovoga puta na terenu zbog obilnih padavina i poku\u0161avamo da spre\u010dimo izlivanje reka koje proti\u010du kroz ovu op\u0161tinu. \u010ciste se odvodni kanali i prave nasipi tamo gde je potrebno da ne bi do\u0161lo do izlivanja. Ina\u010de, glavni cilj je bio i ostaje pobolj\u0161anje kvaliteta usluga za sve stanovnike.\u201c<\/p>\n<p>Me\u0111unarodni dan javnih slu\u017ebi se obele\u017eava svakog 23. juna, a tog dana se deli i presti\u017ena nagrada \u00a0<a href=\"https:\/\/en.wikipedia.org\/wiki\/United_Nations_Public_Service_Awards\">United Nations Public Service Awards<\/a> zaslu\u017enim pojedincima i institucijama. Ovaj dan je ustanovljen rezolucijom UN-a A\/RES\/57\/277 2003. godine.<\/p>\n","protected":false},"excerpt":{"rendered":"<p>Ove godine se Me\u0111unarodni dan javnih slu\u017ebi obele\u017eava u toku globalne pandemije koronavirusa i samim tim uloga javnih slu\u017ebenika u borbi protiv KOVID-19 dobija na izuzetnom zna\u010daju. Javne slu\u017ebe imaju kriti\u010dnu ulogu u podr\u0161ci zdravstvenom sistemu, koji je u mnogim zemljama bio prenapregnut zbog pomenutog virusa. O samom danu, ali i konkretnim naporima, govorio je&hellip;<\/p>\n","protected":false},"author":2,"featured_media":7946,"comment_status":"closed","ping_status":"closed","sticky":false,"template":"","format":"standard","meta":{"footnotes":""},"categories":[2],"tags":[599,1030],"class_list":["post-7943","post","type-post","status-publish","format-standard","has-post-thumbnail","hentry","category-news","tag-javne-sluzbe","tag-medjunarodni-dan","category-2","description-off"],"_links":{"self":[{"href":"https:\/\/radiokfor.com\/2\/wp-json\/wp\/v2\/posts\/7943","targetHints":{"allow":["GET"]}}],"collection":[{"href":"https:\/\/radiokfor.com\/2\/wp-json\/wp\/v2\/posts"}],"about":[{"href":"https:\/\/radiokfor.com\/2\/wp-json\/wp\/v2\/types\/post"}],"author":[{"embeddable":true,"href":"https:\/\/radiokfor.com\/2\/wp-json\/wp\/v2\/users\/2"}],"replies":[{"embeddable":true,"href":"https:\/\/radiokfor.com\/2\/wp-json\/wp\/v2\/comments?post=7943"}],"version-history":[{"count":1,"href":"https:\/\/radiokfor.com\/2\/wp-json\/wp\/v2\/posts\/7943\/revisions"}],"predecessor-version":[{"id":7945,"href":"https:\/\/radiokfor.com\/2\/wp-json\/wp\/v2\/posts\/7943\/revisions\/7945"}],"wp:featuredmedia":[{"embeddable":true,"href":"https:\/\/radiokfor.com\/2\/wp-json\/wp\/v2\/media\/7946"}],"wp:attachment":[{"href":"https:\/\/radiokfor.com\/2\/wp-json\/wp\/v2\/media?parent=7943"}],"wp:term":[{"taxonomy":"category","embeddable":true,"href":"https:\/\/radiokfor.com\/2\/wp-json\/wp\/v2\/categories?post=7943"},{"taxonomy":"post_tag","embeddable":true,"href":"https:\/\/radiokfor.com\/2\/wp-json\/wp\/v2\/tags?post=7943"}],"curies":[{"name":"wp","href":"https:\/\/api.w.org\/{rel}","templated":true}]}}