{"id":7923,"date":"2020-06-21T06:44:11","date_gmt":"2020-06-21T06:44:11","guid":{"rendered":"http:\/\/radiokfor.com\/2\/?p=7923"},"modified":"2020-06-21T06:44:11","modified_gmt":"2020-06-21T06:44:11","slug":"kako-je-covid-19-uticao-na-nase-zivote","status":"publish","type":"post","link":"https:\/\/radiokfor.com\/2\/kako-je-covid-19-uticao-na-nase-zivote\/","title":{"rendered":"Kako je COVID-19 uticao na na\u0161e \u017eivote"},"content":{"rendered":"<p>Strah od neizvesnosti kako \u0107e se i kada zavr\u0161iti pandemija, ostavila je ljude u panici i nastojanju da se prilagode na novu svakodnevnicu.<\/p>\n<p>Pandemija koronavirusa \u0107e zasigurno ostaviti posledice i na na\u0161e pona\u0161anje jer i dalje, po savetima lekara, kada smo prisutni na mestima gde ima vi\u0161e ljudi, neophodno je da nosimo masku i rukavice.<\/p>\n<p><em>\u201cJako je bitno da se socijalni kontakti svedu samo na neophodni nivo, da po\u0161tujemo socijalnu distancu, dr\u017eimo razmak od 2 i vi\u0161e metra izme\u0111u ljudi, nosimo za\u0161titna sredstva poput maski i rukavica. Ukoliko ste na poslu sa svojim kolegama komunicirajte na bezbednoj udaljenosti. Bitno je da se sada ne opustimo i da se i dalje dr\u017eimo propisanih mera\u201d,<\/em> rekao nam je lekar op\u0161te prakse Stefan Stojkovi\u0107.<\/p>\n<p>Diplomirani psiholog i psihotarapeut \u00a0Milena Dabeti\u0107 istakla je koliko je izolovanost uticala na mentalno zdravlje.<\/p>\n<p><em>\u201cSvakako da je bila poja\u010dana anksioznost, bila je prisutna i pojava depresivnih simptoma, \u0161to je negde i normalana pojava u odnosu na situaciju, svi smo se suo\u010davali sa ne\u010dim \u0161to je sasvim novo za sve nas. Pla\u0161ili smo se i za zdravlje svojih bli\u017enjih, strah je bio jedna najnormalnija reakciju u ovoj situaciji. Ono \u0161to sam tako\u0111e primetila da ljudi kroz psihoterapiju, koji su bili deo procesa du\u017ee vreme, lak\u0161e i bolje su prihvatali celu situaciju i uspevali da prizovu svoje snage i rezilijence koje su izgradili kroz psihoterapijski proces, ne bi se lak\u0161e nosili sa celom situacijom.\u201d<\/em><\/p>\n<p>Da bismo za\u0161titili sebe i one koje volimo, moramo da nastavimo da nosimo maske, dezinfikujemo ruke i po\u0161tujemo socijalnu distancu.<\/p>\n<p>&nbsp;<\/p>\n","protected":false},"excerpt":{"rendered":"<p>Strah od neizvesnosti kako \u0107e se i kada zavr\u0161iti pandemija, ostavila je ljude u panici i nastojanju da se prilagode na novu svakodnevnicu. Pandemija koronavirusa \u0107e zasigurno ostaviti posledice i na na\u0161e pona\u0161anje jer i dalje, po savetima lekara, kada smo prisutni na mestima gde ima vi\u0161e ljudi, neophodno je da nosimo masku i rukavice.&hellip;<\/p>\n","protected":false},"author":2,"featured_media":7924,"comment_status":"closed","ping_status":"closed","sticky":false,"template":"","format":"standard","meta":{"footnotes":""},"categories":[2],"tags":[],"class_list":["post-7923","post","type-post","status-publish","format-standard","has-post-thumbnail","hentry","category-news","category-2","description-off"],"_links":{"self":[{"href":"https:\/\/radiokfor.com\/2\/wp-json\/wp\/v2\/posts\/7923","targetHints":{"allow":["GET"]}}],"collection":[{"href":"https:\/\/radiokfor.com\/2\/wp-json\/wp\/v2\/posts"}],"about":[{"href":"https:\/\/radiokfor.com\/2\/wp-json\/wp\/v2\/types\/post"}],"author":[{"embeddable":true,"href":"https:\/\/radiokfor.com\/2\/wp-json\/wp\/v2\/users\/2"}],"replies":[{"embeddable":true,"href":"https:\/\/radiokfor.com\/2\/wp-json\/wp\/v2\/comments?post=7923"}],"version-history":[{"count":1,"href":"https:\/\/radiokfor.com\/2\/wp-json\/wp\/v2\/posts\/7923\/revisions"}],"predecessor-version":[{"id":7925,"href":"https:\/\/radiokfor.com\/2\/wp-json\/wp\/v2\/posts\/7923\/revisions\/7925"}],"wp:featuredmedia":[{"embeddable":true,"href":"https:\/\/radiokfor.com\/2\/wp-json\/wp\/v2\/media\/7924"}],"wp:attachment":[{"href":"https:\/\/radiokfor.com\/2\/wp-json\/wp\/v2\/media?parent=7923"}],"wp:term":[{"taxonomy":"category","embeddable":true,"href":"https:\/\/radiokfor.com\/2\/wp-json\/wp\/v2\/categories?post=7923"},{"taxonomy":"post_tag","embeddable":true,"href":"https:\/\/radiokfor.com\/2\/wp-json\/wp\/v2\/tags?post=7923"}],"curies":[{"name":"wp","href":"https:\/\/api.w.org\/{rel}","templated":true}]}}