{"id":7813,"date":"2020-06-13T09:55:06","date_gmt":"2020-06-13T09:55:06","guid":{"rendered":"http:\/\/radiokfor.com\/2\/?p=7813"},"modified":"2020-06-13T09:55:06","modified_gmt":"2020-06-13T09:55:06","slug":"konkurs-za-amatersku-umetnicku-forografiju","status":"publish","type":"post","link":"https:\/\/radiokfor.com\/2\/konkurs-za-amatersku-umetnicku-forografiju\/","title":{"rendered":"Konkurs za amatersku umetni\u010dku forografiju"},"content":{"rendered":"<p>Ukoliko ste ljubitelj fotografije, a pritom imate dara, evo prilike da za to budete i nagra\u0111eni.\u00a0 <strong>Kulturni centar \u201eDragica \u017darkovi\u0107\u201c<\/strong> u Mitrovici u saradnji sa <strong>Fakultetom umetnosti<\/strong>\u00a0 u Zve\u010danu, objavio je konkurs za amatersku umetni\u010dku fotografiju.<\/p>\n<p>Tema konkursa je <strong>portret, pejza\u017e, priroda ili slobodna tema<\/strong>.<\/p>\n<p>Pravo na u\u010de\u0161\u0107e imaju svi koji su punoletni i amaterski se bave fotografijom. Svaki u\u010desnik ima pravo da po\u0161alje po jednu fotografiju za tri zadate teme i da ih po\u0161alje do 15. 06. 2020. godine.\u00a0 Fotografije slati na mejl <a href=\"mailto:kcentarkm@yahoo.com\">kcentarkm@yahoo.com<\/a> , u formatu 2000 piksela po du\u017eoj strani 72 dpi. Svaki dokument ne sme biti ve\u0107i\u00a0 od 5 MB.<\/p>\n<p>Dobitinike o\u010dekuju vredne nov\u010dane nagrade.<\/p>\n","protected":false},"excerpt":{"rendered":"<p>Ukoliko ste ljubitelj fotografije, a pritom imate dara, evo prilike da za to budete i nagra\u0111eni.\u00a0 Kulturni centar \u201eDragica \u017darkovi\u0107\u201c u Mitrovici u saradnji sa Fakultetom umetnosti\u00a0 u Zve\u010danu, objavio je konkurs za amatersku umetni\u010dku fotografiju. Tema konkursa je portret, pejza\u017e, priroda ili slobodna tema. Pravo na u\u010de\u0161\u0107e imaju svi koji su punoletni i amaterski&hellip;<\/p>\n","protected":false},"author":2,"featured_media":7814,"comment_status":"closed","ping_status":"closed","sticky":false,"template":"","format":"standard","meta":{"footnotes":""},"categories":[2],"tags":[2315,412],"class_list":["post-7813","post","type-post","status-publish","format-standard","has-post-thumbnail","hentry","category-news","tag-konkurs-za-amatersku-umetnicku-fotografiju","tag-kulturni-centar-dragica-zarkovic","category-2","description-off"],"_links":{"self":[{"href":"https:\/\/radiokfor.com\/2\/wp-json\/wp\/v2\/posts\/7813","targetHints":{"allow":["GET"]}}],"collection":[{"href":"https:\/\/radiokfor.com\/2\/wp-json\/wp\/v2\/posts"}],"about":[{"href":"https:\/\/radiokfor.com\/2\/wp-json\/wp\/v2\/types\/post"}],"author":[{"embeddable":true,"href":"https:\/\/radiokfor.com\/2\/wp-json\/wp\/v2\/users\/2"}],"replies":[{"embeddable":true,"href":"https:\/\/radiokfor.com\/2\/wp-json\/wp\/v2\/comments?post=7813"}],"version-history":[{"count":1,"href":"https:\/\/radiokfor.com\/2\/wp-json\/wp\/v2\/posts\/7813\/revisions"}],"predecessor-version":[{"id":7815,"href":"https:\/\/radiokfor.com\/2\/wp-json\/wp\/v2\/posts\/7813\/revisions\/7815"}],"wp:featuredmedia":[{"embeddable":true,"href":"https:\/\/radiokfor.com\/2\/wp-json\/wp\/v2\/media\/7814"}],"wp:attachment":[{"href":"https:\/\/radiokfor.com\/2\/wp-json\/wp\/v2\/media?parent=7813"}],"wp:term":[{"taxonomy":"category","embeddable":true,"href":"https:\/\/radiokfor.com\/2\/wp-json\/wp\/v2\/categories?post=7813"},{"taxonomy":"post_tag","embeddable":true,"href":"https:\/\/radiokfor.com\/2\/wp-json\/wp\/v2\/tags?post=7813"}],"curies":[{"name":"wp","href":"https:\/\/api.w.org\/{rel}","templated":true}]}}