{"id":7797,"date":"2020-06-12T11:12:27","date_gmt":"2020-06-12T11:12:27","guid":{"rendered":"http:\/\/radiokfor.com\/2\/?p=7797"},"modified":"2020-06-12T13:07:06","modified_gmt":"2020-06-12T13:07:06","slug":"u-gracanici-zavrsena-multimedijalna-skola","status":"publish","type":"post","link":"https:\/\/radiokfor.com\/2\/u-gracanici-zavrsena-multimedijalna-skola\/","title":{"rendered":"U Gra\u010danici zavr\u0161ena multimedijalna \u0161kola"},"content":{"rendered":"<p>Osnovne vrednosti svakog civilizovanog dru\u0161tva su tolerancija i multikulturalnost na \u010dijim usvajanjima roditelji moraju da rade sa decom od malena.<\/p>\n<p>Dodelom sertifikata, zavr\u0161ena je multimedijalna \u0161kola koja je okupila oko 80-oro dece iz razli\u010ditih etni\u010dkih sredina na Kosovu.<\/p>\n<p><em>\u201eSa realizacijom smo po\u010deli sredinom januara, ali nas je u martu omelo vanredno stanje tako da smo bili prinu\u0111eni da projekat zavr\u0161avamo preko raznih internet aplikacija. Planirali smo da \u0161estomese\u010dni rad prika\u017eemo na sceni Doma kulture u Gra\u010danici, ali smo zbog celokupne situacije morali da ekranizujemo pa smo tako svi zajedno napravili dvadesetpetominutnu emisiju. Bilo je zadovoljstvo raditi sa talentovanom decom. Nije bitno da li smo crni, \u017euti ili beli, kojim jezikom govorimo, niti kom narodu pripadamo. To najbolje pokazuju polaznici na\u0161e \u0161kole koji su zajedno igrali, crtali, pevali, glumili i i\u0161li u korak sa tehnologijom, bez obzira na jezi\u010dku barijeru, \u0161to najbolje govori da smo svi, ipak, isti\u201c<\/em>, rekla je vo\u0111a projekta Dragana Zori\u010di\u0107.<\/p>\n<p>Multimedijalna \u0161kola je mlade iz razli\u010ditih zajednica nau\u010dila novim ve\u0161tinama, kroz kurseve kao \u0161to su gluma, pevanje, crtanje i slikanje i druge radionice savremene tehnologije. U svakoj grupi je bilo oko 20-oro dece uglavnom osnavaca.<\/p>\n<p>Ovaj projekat je implementirao IAMN, uz podr\u0161ku UNMIK-a.<\/p>\n<p>&nbsp;<\/p>\n","protected":false},"excerpt":{"rendered":"<p>Osnovne vrednosti svakog civilizovanog dru\u0161tva su tolerancija i multikulturalnost na \u010dijim usvajanjima roditelji moraju da rade sa decom od malena. Dodelom sertifikata, zavr\u0161ena je multimedijalna \u0161kola koja je okupila oko 80-oro dece iz razli\u010ditih etni\u010dkih sredina na Kosovu. \u201eSa realizacijom smo po\u010deli sredinom januara, ali nas je u martu omelo vanredno stanje tako da smo&hellip;<\/p>\n","protected":false},"author":2,"featured_media":7804,"comment_status":"closed","ping_status":"closed","sticky":false,"template":"","format":"standard","meta":{"footnotes":""},"categories":[2],"tags":[],"class_list":["post-7797","post","type-post","status-publish","format-standard","has-post-thumbnail","hentry","category-news","category-2","description-off"],"_links":{"self":[{"href":"https:\/\/radiokfor.com\/2\/wp-json\/wp\/v2\/posts\/7797","targetHints":{"allow":["GET"]}}],"collection":[{"href":"https:\/\/radiokfor.com\/2\/wp-json\/wp\/v2\/posts"}],"about":[{"href":"https:\/\/radiokfor.com\/2\/wp-json\/wp\/v2\/types\/post"}],"author":[{"embeddable":true,"href":"https:\/\/radiokfor.com\/2\/wp-json\/wp\/v2\/users\/2"}],"replies":[{"embeddable":true,"href":"https:\/\/radiokfor.com\/2\/wp-json\/wp\/v2\/comments?post=7797"}],"version-history":[{"count":2,"href":"https:\/\/radiokfor.com\/2\/wp-json\/wp\/v2\/posts\/7797\/revisions"}],"predecessor-version":[{"id":7805,"href":"https:\/\/radiokfor.com\/2\/wp-json\/wp\/v2\/posts\/7797\/revisions\/7805"}],"wp:featuredmedia":[{"embeddable":true,"href":"https:\/\/radiokfor.com\/2\/wp-json\/wp\/v2\/media\/7804"}],"wp:attachment":[{"href":"https:\/\/radiokfor.com\/2\/wp-json\/wp\/v2\/media?parent=7797"}],"wp:term":[{"taxonomy":"category","embeddable":true,"href":"https:\/\/radiokfor.com\/2\/wp-json\/wp\/v2\/categories?post=7797"},{"taxonomy":"post_tag","embeddable":true,"href":"https:\/\/radiokfor.com\/2\/wp-json\/wp\/v2\/tags?post=7797"}],"curies":[{"name":"wp","href":"https:\/\/api.w.org\/{rel}","templated":true}]}}