{"id":7790,"date":"2020-06-12T00:01:08","date_gmt":"2020-06-12T00:01:08","guid":{"rendered":"http:\/\/radiokfor.com\/2\/?p=7790"},"modified":"2020-06-11T15:35:52","modified_gmt":"2020-06-11T15:35:52","slug":"svetski-dan-borbe-protiv-decijeg-rada","status":"publish","type":"post","link":"https:\/\/radiokfor.com\/2\/svetski-dan-borbe-protiv-decijeg-rada\/","title":{"rendered":"Svetski dan borbe protiv de\u010dijeg rada"},"content":{"rendered":"<p>Danas, na Svetski dan borbe protiv de\u010dijeg rada, organizacije \u0161irom sveta tra\u017ee za\u0161titu dece od rada.<\/p>\n<p>Ove godine, Me\u0111unarodni dan borbe protiv de\u010dijeg rada obele\u017eava se pod sloganom COVID 19: Za\u0161titmo decu od de\u010dijeg rada, sada, vi\u0161e nego ikada! Me\u0111unarodna organizacija rada, kao lider borbe protiv de\u010dijeg rada, poziva sve nadle\u017ene da se uklju\u010de u spre\u010davanje nasilja nad decom, posebno u vreme pandemija COVID-a 19.<\/p>\n<p>\u201cSva prava deteta, bez obzira na uzrast deteta i rasu, boju ko\u017ee, pol, jezik, veroispovesti, nacionalno, etni\u010dko i socijalno poreklo, pravo na\u00a0 \u017eivot, zdravstvenu za\u0161titu, pravo na svoje mi\u0161ljenje, pravo na \u017eivot bez bilo kog oblika nasilja, kao i pravo na dostojanstvo, trebaju roditelji ili staratelji kao i dru\u0161tvo u celini po\u0161tovati. Ulaganje u pravilan razvoj dece ne\u0161to kasnije oblikuje jedno dru\u0161tvo u celini, pa dolazimo do zaklju\u010dka da je veoma va\u017eno po\u0161tovati prava deteta, jer zdrava deca zna\u010de zdravo dru\u0161tvo\u201d, rekla je Mirjana Leki\u0107 iz nevladine organizacije \u201cPutevima Sunca\u201c.<\/p>\n<p>Na Svetski dan borbe protiv de\u010dijeg rada moramo se jo\u0161 jednom podsetiti na po\u0161tovanje: Univerzalne konvencija Me\u0111unarodne organizacije rada o de\u010dijem radu; nacionalne politike i programe kako bi obezbedili efikasni napredak u eliminisanju de\u010dijeg rada; akcija za izgradnju svetskog pokreta protiv de\u010dijeg rada.<\/p>\n","protected":false},"excerpt":{"rendered":"<p>Danas, na Svetski dan borbe protiv de\u010dijeg rada, organizacije \u0161irom sveta tra\u017ee za\u0161titu dece od rada. Ove godine, Me\u0111unarodni dan borbe protiv de\u010dijeg rada obele\u017eava se pod sloganom COVID 19: Za\u0161titmo decu od de\u010dijeg rada, sada, vi\u0161e nego ikada! Me\u0111unarodna organizacija rada, kao lider borbe protiv de\u010dijeg rada, poziva sve nadle\u017ene da se uklju\u010de u&hellip;<\/p>\n","protected":false},"author":2,"featured_media":7791,"comment_status":"closed","ping_status":"closed","sticky":false,"template":"","format":"standard","meta":{"footnotes":""},"categories":[2],"tags":[],"class_list":["post-7790","post","type-post","status-publish","format-standard","has-post-thumbnail","hentry","category-news","category-2","description-off"],"_links":{"self":[{"href":"https:\/\/radiokfor.com\/2\/wp-json\/wp\/v2\/posts\/7790","targetHints":{"allow":["GET"]}}],"collection":[{"href":"https:\/\/radiokfor.com\/2\/wp-json\/wp\/v2\/posts"}],"about":[{"href":"https:\/\/radiokfor.com\/2\/wp-json\/wp\/v2\/types\/post"}],"author":[{"embeddable":true,"href":"https:\/\/radiokfor.com\/2\/wp-json\/wp\/v2\/users\/2"}],"replies":[{"embeddable":true,"href":"https:\/\/radiokfor.com\/2\/wp-json\/wp\/v2\/comments?post=7790"}],"version-history":[{"count":1,"href":"https:\/\/radiokfor.com\/2\/wp-json\/wp\/v2\/posts\/7790\/revisions"}],"predecessor-version":[{"id":7792,"href":"https:\/\/radiokfor.com\/2\/wp-json\/wp\/v2\/posts\/7790\/revisions\/7792"}],"wp:featuredmedia":[{"embeddable":true,"href":"https:\/\/radiokfor.com\/2\/wp-json\/wp\/v2\/media\/7791"}],"wp:attachment":[{"href":"https:\/\/radiokfor.com\/2\/wp-json\/wp\/v2\/media?parent=7790"}],"wp:term":[{"taxonomy":"category","embeddable":true,"href":"https:\/\/radiokfor.com\/2\/wp-json\/wp\/v2\/categories?post=7790"},{"taxonomy":"post_tag","embeddable":true,"href":"https:\/\/radiokfor.com\/2\/wp-json\/wp\/v2\/tags?post=7790"}],"curies":[{"name":"wp","href":"https:\/\/api.w.org\/{rel}","templated":true}]}}