{"id":7728,"date":"2020-06-06T09:42:57","date_gmt":"2020-06-06T09:42:57","guid":{"rendered":"http:\/\/radiokfor.com\/2\/?p=7728"},"modified":"2020-06-06T09:42:57","modified_gmt":"2020-06-06T09:42:57","slug":"umetnik-dana-kamila-kabeljo","status":"publish","type":"post","link":"https:\/\/radiokfor.com\/2\/umetnik-dana-kamila-kabeljo\/","title":{"rendered":"Umetnik dana: Kamila Kabeljo"},"content":{"rendered":"<p>&nbsp;<\/p>\n<p>Ovu mladu Kubanku upoznali smo 2012. godine kada se pojavila u ameri\u010dkom talent \u0161ou \u201cIks faktor\u201d i o\u010darala nas svojim glasom.<\/p>\n<p>Nakon toga nizala je uspehe kao deo sastava \u201cFift Harmoni\u201d . Sastav je imao hitove poput \u201cWorth It\u201d i \u201cWork from Home\u201d. Me\u0111utim, i pored uspeha grupe Kamila je ma\u0161tala o solo karijeri, pa je 2015. snimila duet sa \u0160onom Mendezom \u201cI Know What You Did Last Summer\u201d i \u00a0Ma\u0161in Gan Kelijem \u201cBad Things\u201d.<\/p>\n<p>Decembra 2016. godine definitivno napu\u0161ta sastav \u201cFift harmoni\u201d i po\u010dinje samostalnu karijeru. Prvi ve\u0107i uspeh kao samostalni izvo\u0111a\u010d imala je nakon saradnje sa Pitbulom i D\u017eej Balvinom, a u svojoj karijeri sara\u0111ivala je sa Major Lezerom, Trevis Skotom, Kuavom i mnogim drugim.<\/p>\n<p>Njen najve\u0107i hit je pesma \u201cHavana\u201d koja se na\u0161la na prvom mestu top lista u \u00a0Australiji, Kanadi, Ujedinjenom Kraljevstvu, Irskoj, Francuskoj, Ma\u0111arskoj i na listi Sjedinjenih Ameri\u010dkih Dr\u017eava.<\/p>\n<p>Kamila je 21. juna 2019.\u00a0 objavila pesmu \u201cSenorita\u201d na kojoj je ponovo sara\u0111ivala sa \u0160onom Mendezom.<\/p>\n<p>U avgustu je \u201cSenorita\u201d bila na prvom mestu Bilbordove liste, \u0161to je bio Kamilin drugi singl koji se na\u0161ao na prvom mestu te liste. Pesma je bila nominovana za Gremi nagradu u kategoriji \u201cNajbolji pop duo\/grupni performans\u201d, a ova pesma bila je i tre\u0107i najprodavaniji singl u 2019. godini.<\/p>\n","protected":false},"excerpt":{"rendered":"<p>&nbsp; Ovu mladu Kubanku upoznali smo 2012. godine kada se pojavila u ameri\u010dkom talent \u0161ou \u201cIks faktor\u201d i o\u010darala nas svojim glasom. Nakon toga nizala je uspehe kao deo sastava \u201cFift Harmoni\u201d . Sastav je imao hitove poput \u201cWorth It\u201d i \u201cWork from Home\u201d. Me\u0111utim, i pored uspeha grupe Kamila je ma\u0161tala o solo karijeri,&hellip;<\/p>\n","protected":false},"author":2,"featured_media":7729,"comment_status":"closed","ping_status":"closed","sticky":false,"template":"","format":"standard","meta":{"footnotes":""},"categories":[2],"tags":[2299,2253],"class_list":["post-7728","post","type-post","status-publish","format-standard","has-post-thumbnail","hentry","category-news","tag-kamila-kabeljo","tag-umetnik-dana","category-2","description-off"],"_links":{"self":[{"href":"https:\/\/radiokfor.com\/2\/wp-json\/wp\/v2\/posts\/7728","targetHints":{"allow":["GET"]}}],"collection":[{"href":"https:\/\/radiokfor.com\/2\/wp-json\/wp\/v2\/posts"}],"about":[{"href":"https:\/\/radiokfor.com\/2\/wp-json\/wp\/v2\/types\/post"}],"author":[{"embeddable":true,"href":"https:\/\/radiokfor.com\/2\/wp-json\/wp\/v2\/users\/2"}],"replies":[{"embeddable":true,"href":"https:\/\/radiokfor.com\/2\/wp-json\/wp\/v2\/comments?post=7728"}],"version-history":[{"count":1,"href":"https:\/\/radiokfor.com\/2\/wp-json\/wp\/v2\/posts\/7728\/revisions"}],"predecessor-version":[{"id":7730,"href":"https:\/\/radiokfor.com\/2\/wp-json\/wp\/v2\/posts\/7728\/revisions\/7730"}],"wp:featuredmedia":[{"embeddable":true,"href":"https:\/\/radiokfor.com\/2\/wp-json\/wp\/v2\/media\/7729"}],"wp:attachment":[{"href":"https:\/\/radiokfor.com\/2\/wp-json\/wp\/v2\/media?parent=7728"}],"wp:term":[{"taxonomy":"category","embeddable":true,"href":"https:\/\/radiokfor.com\/2\/wp-json\/wp\/v2\/categories?post=7728"},{"taxonomy":"post_tag","embeddable":true,"href":"https:\/\/radiokfor.com\/2\/wp-json\/wp\/v2\/tags?post=7728"}],"curies":[{"name":"wp","href":"https:\/\/api.w.org\/{rel}","templated":true}]}}