{"id":7706,"date":"2020-06-05T07:18:56","date_gmt":"2020-06-05T07:18:56","guid":{"rendered":"http:\/\/radiokfor.com\/2\/?p=7706"},"modified":"2020-06-05T07:18:56","modified_gmt":"2020-06-05T07:18:56","slug":"cista-i-zdrava-zivotna-sredina-je-u-interesu-svih","status":"publish","type":"post","link":"https:\/\/radiokfor.com\/2\/cista-i-zdrava-zivotna-sredina-je-u-interesu-svih\/","title":{"rendered":"\u010cista i zdrava \u017eivotna sredina je u interesu svih!"},"content":{"rendered":"<p>Na dana\u0161nji dan se obele\u017eava \u00a0Svetski dan za\u0161tite \u017eivotne sredine. \u0160irom sveta organizuju se aktivnosti i doga\u0111aji posve\u0107eni podizanju svesti i isticanju va\u017enosti odgovornog odnosa prema \u017eivotnoj sredini odnosno na\u0161em zajedni\u010dkom domu.<\/p>\n<p>Aleksandra Blanu\u0161a, inspektor za za\u0161titu \u017eivotne sredine Odeljenja inspekcije op\u0161tine Gra\u010danica, rekla je da se svi moramo pona\u0161ati\u00a0 odgovorno prema svom okru\u017eenju:<\/p>\n<p><em>\u201eNeophodno je da brinemo o \u017eivotnoj srediniu kojoj \u017eivimo, jer onoliko koliko mi brinemo o njoj toliko \u0107e nam i ona uzvratiti. Sa druge strane, mi smo je nasledili od na\u0161ih predaka, koji su svakako bili odovorniji od nas i na\u0161a je du\u017enost da je negujemo za budu\u0107e generacije.<\/em><\/p>\n<p><em>Svake godine, na neki simboli\u010dan na\u010din Odeljenje inspekcije obele\u017eava dan za\u0161tite \u017eivotne sredine. Ove godine ne\u0107e biti \u010di\u0161\u0107enja, ali \u0107emo obele\u017eiti sadnjom ukrasnog drve\u0107a i cve\u0107a. Za lokacije smo odabrali prostor ispred nedavno renoviranog Doma kulture u Lapljem Selu, kao i ispred novoizgra\u0111enog obdani\u0161ta u Ugljaru.\u201d<\/em><\/p>\n<p>Zdrava \u017eivotna sredina je osnov za o\u010duvanje ljudske egzistencije i zdravog razvoja dru\u0161tva.<\/p>\n","protected":false},"excerpt":{"rendered":"<p>Na dana\u0161nji dan se obele\u017eava \u00a0Svetski dan za\u0161tite \u017eivotne sredine. \u0160irom sveta organizuju se aktivnosti i doga\u0111aji posve\u0107eni podizanju svesti i isticanju va\u017enosti odgovornog odnosa prema \u017eivotnoj sredini odnosno na\u0161em zajedni\u010dkom domu. Aleksandra Blanu\u0161a, inspektor za za\u0161titu \u017eivotne sredine Odeljenja inspekcije op\u0161tine Gra\u010danica, rekla je da se svi moramo pona\u0161ati\u00a0 odgovorno prema svom okru\u017eenju: \u201eNeophodno&hellip;<\/p>\n","protected":false},"author":2,"featured_media":7707,"comment_status":"closed","ping_status":"closed","sticky":false,"template":"","format":"standard","meta":{"footnotes":""},"categories":[2],"tags":[],"class_list":["post-7706","post","type-post","status-publish","format-standard","has-post-thumbnail","hentry","category-news","category-2","description-off"],"_links":{"self":[{"href":"https:\/\/radiokfor.com\/2\/wp-json\/wp\/v2\/posts\/7706","targetHints":{"allow":["GET"]}}],"collection":[{"href":"https:\/\/radiokfor.com\/2\/wp-json\/wp\/v2\/posts"}],"about":[{"href":"https:\/\/radiokfor.com\/2\/wp-json\/wp\/v2\/types\/post"}],"author":[{"embeddable":true,"href":"https:\/\/radiokfor.com\/2\/wp-json\/wp\/v2\/users\/2"}],"replies":[{"embeddable":true,"href":"https:\/\/radiokfor.com\/2\/wp-json\/wp\/v2\/comments?post=7706"}],"version-history":[{"count":1,"href":"https:\/\/radiokfor.com\/2\/wp-json\/wp\/v2\/posts\/7706\/revisions"}],"predecessor-version":[{"id":7708,"href":"https:\/\/radiokfor.com\/2\/wp-json\/wp\/v2\/posts\/7706\/revisions\/7708"}],"wp:featuredmedia":[{"embeddable":true,"href":"https:\/\/radiokfor.com\/2\/wp-json\/wp\/v2\/media\/7707"}],"wp:attachment":[{"href":"https:\/\/radiokfor.com\/2\/wp-json\/wp\/v2\/media?parent=7706"}],"wp:term":[{"taxonomy":"category","embeddable":true,"href":"https:\/\/radiokfor.com\/2\/wp-json\/wp\/v2\/categories?post=7706"},{"taxonomy":"post_tag","embeddable":true,"href":"https:\/\/radiokfor.com\/2\/wp-json\/wp\/v2\/tags?post=7706"}],"curies":[{"name":"wp","href":"https:\/\/api.w.org\/{rel}","templated":true}]}}