{"id":7658,"date":"2020-06-02T08:33:23","date_gmt":"2020-06-02T08:33:23","guid":{"rendered":"http:\/\/radiokfor.com\/2\/?p=7658"},"modified":"2020-06-02T08:33:23","modified_gmt":"2020-06-02T08:33:23","slug":"fotografijom-protiv-vrsnjackog-nasilja","status":"publish","type":"post","link":"https:\/\/radiokfor.com\/2\/fotografijom-protiv-vrsnjackog-nasilja\/","title":{"rendered":"Fotografijom protiv vr\u0161nja\u010dkog nasilja"},"content":{"rendered":"<p>Nevladina organizacija <strong>\u201ePutevima sunca\u201c<\/strong> organizuje onlajn radionicu za decu, pod nazivom <strong>\u201eFotografije\u201c<\/strong>. Cilj radionice je da skrene pa\u017enju na problem vr\u0161nja\u010dkog nasilja i da deci pomogne da se izraze kroz fotografiju.<\/p>\n<p>Radionica \u0107e biti odr\u017eana u saradnji sa osnovnim \u0161kolama na teritoriji op\u0161tine Gra\u010danica, a ceo projekat je podr\u017eala Me\u0111unarodna organizacija <strong>\u201eSave the Children\u201c<\/strong> i \u0160vedska agencija za me\u0111unarodni razvoj i saradnju \u2013 <strong>Sida<\/strong>.<\/p>\n<p>Administrativni asistent u NVO \u201ePutevima sunca\u201c, <strong>Mirjana Leki\u0107<\/strong>, govorila je o cilju ove radionice:<\/p>\n<p><em>\u201eCilj radionice je podizanje svesti kod u\u010denika o vr\u0161nja\u010dkom nasilju kroz vizuelnu pismenost, podsticanje kreativnog izra\u017eavanja putem fotografije i njihove primene. Deca shvataju problem nasilja i znaju kako da se bore protiv nasilja. Ova radionica \u0107e doprineti prevenciji nasilja, stvaranju tolerancije i po\u0161tovanju razli\u010ditosti. Na ovoj radionici, deca imaju mogu\u0107nost da nau\u010de o vr\u0161nja\u010dkom nasilju, fotografijama, fotoaparatima i kako da fotografije obrade. Zatim, kako da se kreativno izraze i naprave vrhunske fotografije, a sve u cilju suzbijanja vr\u0161nja\u010dkog nasilja. Fotografije koje naprave bi\u0107e od\u0161tampane i izlo\u017eene na kraju godine u \u0161kolama\u201c<\/em>.<\/p>\n<p>Radionica po\u010dinje danas, a traja\u0107e do 4. juna.<\/p>\n","protected":false},"excerpt":{"rendered":"<p>Nevladina organizacija \u201ePutevima sunca\u201c organizuje onlajn radionicu za decu, pod nazivom \u201eFotografije\u201c. Cilj radionice je da skrene pa\u017enju na problem vr\u0161nja\u010dkog nasilja i da deci pomogne da se izraze kroz fotografiju. Radionica \u0107e biti odr\u017eana u saradnji sa osnovnim \u0161kolama na teritoriji op\u0161tine Gra\u010danica, a ceo projekat je podr\u017eala Me\u0111unarodna organizacija \u201eSave the Children\u201c i&hellip;<\/p>\n","protected":false},"author":2,"featured_media":7659,"comment_status":"closed","ping_status":"closed","sticky":false,"template":"","format":"standard","meta":{"footnotes":""},"categories":[2],"tags":[1501,2287,2286,958],"class_list":["post-7658","post","type-post","status-publish","format-standard","has-post-thumbnail","hentry","category-news","tag-radionica","tag-fotografija","tag-nasilje-nad-vrsnjacima","tag-nvo-putevima-sunca","category-2","description-off"],"_links":{"self":[{"href":"https:\/\/radiokfor.com\/2\/wp-json\/wp\/v2\/posts\/7658","targetHints":{"allow":["GET"]}}],"collection":[{"href":"https:\/\/radiokfor.com\/2\/wp-json\/wp\/v2\/posts"}],"about":[{"href":"https:\/\/radiokfor.com\/2\/wp-json\/wp\/v2\/types\/post"}],"author":[{"embeddable":true,"href":"https:\/\/radiokfor.com\/2\/wp-json\/wp\/v2\/users\/2"}],"replies":[{"embeddable":true,"href":"https:\/\/radiokfor.com\/2\/wp-json\/wp\/v2\/comments?post=7658"}],"version-history":[{"count":1,"href":"https:\/\/radiokfor.com\/2\/wp-json\/wp\/v2\/posts\/7658\/revisions"}],"predecessor-version":[{"id":7660,"href":"https:\/\/radiokfor.com\/2\/wp-json\/wp\/v2\/posts\/7658\/revisions\/7660"}],"wp:featuredmedia":[{"embeddable":true,"href":"https:\/\/radiokfor.com\/2\/wp-json\/wp\/v2\/media\/7659"}],"wp:attachment":[{"href":"https:\/\/radiokfor.com\/2\/wp-json\/wp\/v2\/media?parent=7658"}],"wp:term":[{"taxonomy":"category","embeddable":true,"href":"https:\/\/radiokfor.com\/2\/wp-json\/wp\/v2\/categories?post=7658"},{"taxonomy":"post_tag","embeddable":true,"href":"https:\/\/radiokfor.com\/2\/wp-json\/wp\/v2\/tags?post=7658"}],"curies":[{"name":"wp","href":"https:\/\/api.w.org\/{rel}","templated":true}]}}