{"id":7492,"date":"2020-05-20T08:39:23","date_gmt":"2020-05-20T08:39:23","guid":{"rendered":"http:\/\/radiokfor.com\/2\/?p=7492"},"modified":"2020-05-20T08:39:23","modified_gmt":"2020-05-20T08:39:23","slug":"svetski-dan-pcela","status":"publish","type":"post","link":"https:\/\/radiokfor.com\/2\/svetski-dan-pcela\/","title":{"rendered":"Svetski dan p\u010dela"},"content":{"rendered":"<p>I p\u010dele imaju svoj dan, kojim se ukazuje na njihov zna\u010daj u ekosistemu. Mo\u017eda zbog njihove veli\u010dine to ne shvatamo, ali p\u010dele imaju nezamenjivu ulogu u opra\u0161ivanju biljaka.<\/p>\n<p>Svetski dan p\u010dela se obele\u017eava 20. maja, na dan ro\u0111enja slovena\u010dkog zoologa, <strong>Antona Jan\u0161a<\/strong>, za\u010detnika modernog p\u010delarstva.\u00a0 U maju je i najbujniji razvoj p\u010dela na severnoj hemisferi.<\/p>\n<p><em>\u201cP\u010dele su danas veoma ugro\u017eene. Kori\u0161\u0107enjem pesticida, \u010dovek je doveo u pitanje njihov opstanak. Me\u0111utim, izumiranjem p\u010dela nestao bi i zna\u010dajan deo opra\u0161iva\u010da koji su neophodni da bi biljka razvila plod. Time \u0107e se zna\u010dajno smanjiti prinos biljaka. Zato, \u0161tite\u0107i p\u010dele osiguravamo \u010dove\u010danstvu dovoljne koli\u010dine hrane\u201d<\/em>, rekla je biolog <strong>Milica Nedeljkovi\u0107<\/strong>.<\/p>\n<p>Zato, \u010duvajmo p\u010dele da bismo sa\u010duvali \u017eivot na planeti!<\/p>\n","protected":false},"excerpt":{"rendered":"<p>I p\u010dele imaju svoj dan, kojim se ukazuje na njihov zna\u010daj u ekosistemu. Mo\u017eda zbog njihove veli\u010dine to ne shvatamo, ali p\u010dele imaju nezamenjivu ulogu u opra\u0161ivanju biljaka. Svetski dan p\u010dela se obele\u017eava 20. maja, na dan ro\u0111enja slovena\u010dkog zoologa, Antona Jan\u0161a, za\u010detnika modernog p\u010delarstva.\u00a0 U maju je i najbujniji razvoj p\u010dela na severnoj hemisferi.&hellip;<\/p>\n","protected":false},"author":2,"featured_media":7493,"comment_status":"closed","ping_status":"closed","sticky":false,"template":"","format":"standard","meta":{"footnotes":""},"categories":[2],"tags":[2258],"class_list":["post-7492","post","type-post","status-publish","format-standard","has-post-thumbnail","hentry","category-news","tag-svetski-dan-pcela","category-2","description-off"],"_links":{"self":[{"href":"https:\/\/radiokfor.com\/2\/wp-json\/wp\/v2\/posts\/7492","targetHints":{"allow":["GET"]}}],"collection":[{"href":"https:\/\/radiokfor.com\/2\/wp-json\/wp\/v2\/posts"}],"about":[{"href":"https:\/\/radiokfor.com\/2\/wp-json\/wp\/v2\/types\/post"}],"author":[{"embeddable":true,"href":"https:\/\/radiokfor.com\/2\/wp-json\/wp\/v2\/users\/2"}],"replies":[{"embeddable":true,"href":"https:\/\/radiokfor.com\/2\/wp-json\/wp\/v2\/comments?post=7492"}],"version-history":[{"count":1,"href":"https:\/\/radiokfor.com\/2\/wp-json\/wp\/v2\/posts\/7492\/revisions"}],"predecessor-version":[{"id":7494,"href":"https:\/\/radiokfor.com\/2\/wp-json\/wp\/v2\/posts\/7492\/revisions\/7494"}],"wp:featuredmedia":[{"embeddable":true,"href":"https:\/\/radiokfor.com\/2\/wp-json\/wp\/v2\/media\/7493"}],"wp:attachment":[{"href":"https:\/\/radiokfor.com\/2\/wp-json\/wp\/v2\/media?parent=7492"}],"wp:term":[{"taxonomy":"category","embeddable":true,"href":"https:\/\/radiokfor.com\/2\/wp-json\/wp\/v2\/categories?post=7492"},{"taxonomy":"post_tag","embeddable":true,"href":"https:\/\/radiokfor.com\/2\/wp-json\/wp\/v2\/tags?post=7492"}],"curies":[{"name":"wp","href":"https:\/\/api.w.org\/{rel}","templated":true}]}}