{"id":7443,"date":"2020-05-15T07:26:21","date_gmt":"2020-05-15T07:26:21","guid":{"rendered":"http:\/\/radiokfor.com\/2\/?p=7443"},"modified":"2020-05-15T07:26:21","modified_gmt":"2020-05-15T07:26:21","slug":"danas-je-svetski-dan-porodica","status":"publish","type":"post","link":"https:\/\/radiokfor.com\/2\/danas-je-svetski-dan-porodica\/","title":{"rendered":"Danas je Svetski dan porodica"},"content":{"rendered":"<p>Porodica se oduvek smatra osnovnim stubom dru\u0161tva! Ne\u0161to na \u010demu po\u010diva i na \u010demu se gradi stabilnost i razvoj svake zajednice. Ovo su prepoznale i Ujedinjene nacije kada su odlu\u010dile da formalno 15. maj proglase Svetskim danom porodica.<\/p>\n<p>Koliko su porodice bitne u \u017eivotu svakog pojedinca, probali smo da saznamo od nekih na\u0161ih slu\u0161alaca.<\/p>\n<p>\u201e<em>Porodica predstavlja ljubav, po\u0161tovanje, slogu, mir i me\u0111usobnu podr\u0161ku i utehu u divnim i te\u0161kim trenucima<\/em>\u201c, re\u010di su Ivane iz Leposavi\u0107a.<\/p>\n<p>Sli\u010dnog je mi\u0161ljenja i Ana iz Mitrovice.<\/p>\n<p>\u201e<em>Porodica je srce svakog dru\u0161tva, a dru\u0161tvo treba da te\u017ei u ja\u010danju podr\u0161ke za zrave porodice. Porodica predstavlja zajedni\u0161tvo, ljubav i me\u0111usobnu podr\u0161ku u svim \u017eivotnim situacijama<\/em>\u201c.<\/p>\n<p>Na kraju, sa nama je svoje mi\u0161ljenje podelio i Dragan.<\/p>\n<p>\u201e<em>Da bi porodica funkcionisala neophodna je ljubav, empatija, razumevanje i tolerancija. Ispostavlja se da su ljudi danas otu\u0111eniji jedni od drugih vi\u0161e nego ikad \u0161to je vidljivo i u mnogim porodicama<\/em>.\u201c<\/p>\n<p>Tema ovogodi\u0161njeg Dana porodica nosi naziv \u201ePorodice u razvoju\u201c i obele\u017eava se u svetlu svetske pandemije KOVID-19.<\/p>\n<p>Ovog \u00a015. maja se navr\u0161ava dvadeset peta godi\u0161njica od Deklaracije iz Kopenhagena i Pekin\u0161ke platforme za akciju, na osnovu kojih je odlu\u010deno da se ovaj dan obele\u017eava kao Svetski dan porodica. Cilj je od po\u010detka bio isti \u2013 podizanje svesti o va\u017enosti porodica za funkcionisanje dru\u0161tva.<\/p>\n","protected":false},"excerpt":{"rendered":"<p>Porodica se oduvek smatra osnovnim stubom dru\u0161tva! Ne\u0161to na \u010demu po\u010diva i na \u010demu se gradi stabilnost i razvoj svake zajednice. Ovo su prepoznale i Ujedinjene nacije kada su odlu\u010dile da formalno 15. maj proglase Svetskim danom porodica. Koliko su porodice bitne u \u017eivotu svakog pojedinca, probali smo da saznamo od nekih na\u0161ih slu\u0161alaca. \u201ePorodica&hellip;<\/p>\n","protected":false},"author":2,"featured_media":7444,"comment_status":"closed","ping_status":"closed","sticky":false,"template":"","format":"standard","meta":{"footnotes":""},"categories":[2],"tags":[230,2246,228],"class_list":["post-7443","post","type-post","status-publish","format-standard","has-post-thumbnail","hentry","category-news","tag-drustvo","tag-porodica","tag-svetski-dan","category-2","description-off"],"_links":{"self":[{"href":"https:\/\/radiokfor.com\/2\/wp-json\/wp\/v2\/posts\/7443","targetHints":{"allow":["GET"]}}],"collection":[{"href":"https:\/\/radiokfor.com\/2\/wp-json\/wp\/v2\/posts"}],"about":[{"href":"https:\/\/radiokfor.com\/2\/wp-json\/wp\/v2\/types\/post"}],"author":[{"embeddable":true,"href":"https:\/\/radiokfor.com\/2\/wp-json\/wp\/v2\/users\/2"}],"replies":[{"embeddable":true,"href":"https:\/\/radiokfor.com\/2\/wp-json\/wp\/v2\/comments?post=7443"}],"version-history":[{"count":1,"href":"https:\/\/radiokfor.com\/2\/wp-json\/wp\/v2\/posts\/7443\/revisions"}],"predecessor-version":[{"id":7445,"href":"https:\/\/radiokfor.com\/2\/wp-json\/wp\/v2\/posts\/7443\/revisions\/7445"}],"wp:featuredmedia":[{"embeddable":true,"href":"https:\/\/radiokfor.com\/2\/wp-json\/wp\/v2\/media\/7444"}],"wp:attachment":[{"href":"https:\/\/radiokfor.com\/2\/wp-json\/wp\/v2\/media?parent=7443"}],"wp:term":[{"taxonomy":"category","embeddable":true,"href":"https:\/\/radiokfor.com\/2\/wp-json\/wp\/v2\/categories?post=7443"},{"taxonomy":"post_tag","embeddable":true,"href":"https:\/\/radiokfor.com\/2\/wp-json\/wp\/v2\/tags?post=7443"}],"curies":[{"name":"wp","href":"https:\/\/api.w.org\/{rel}","templated":true}]}}