{"id":743,"date":"2018-07-16T13:47:44","date_gmt":"2018-07-16T13:47:44","guid":{"rendered":"http:\/\/radiokfor.com\/2\/?p=743"},"modified":"2018-11-28T13:48:54","modified_gmt":"2018-11-28T13:48:54","slug":"odrzan-prvi-kosovo-youth-fest","status":"publish","type":"post","link":"https:\/\/radiokfor.com\/2\/odrzan-prvi-kosovo-youth-fest\/","title":{"rendered":"Odr\u017ean prvi Kosovo Youth Fest"},"content":{"rendered":"<p>U cilju okupljanja omladine razli\u010ditih zajednica koje \u017eive i rade na Kosovu, \u010dlanovi neformalne grupe uz podr\u0161ku \u00a0Misije UN-a na Kosovu organizovali su prvi Kosovsko omladinski festival (Kosovo Youth Fest).<\/p>\n<p>Petar Ivi\u0107, jedan od organizatora ovog festivala zadovoljan je odzivom omladine i isti\u010de da je:<\/p>\n<p>\u201eCilj ovog festivala je upoznavanje drugih ljudi, upoznavanje sa njihovim obi\u010dajima i kulturom koju bi trebali da znamo. Svaka zajednica bi trebalo da zna\u00a0po ne\u0161to o kulturi osobe druge pripadnosti.\u201c<\/p>\n<p>Predstavik romske zajednice Fitim Krasni\u0107i ka\u017ee da je od velike va\u017enosti zajedni\u010dki rad i ulaganje zarad bolje budu\u0107nosti.<\/p>\n<p>\u201cNajva\u017enije je da radimo zajedno kako bismo postigli dobre rezultate\u00a0 i da gledamo na budu\u0107nost, ispred sebe, ta\u010dnije preko planina, jer smo mi budu\u0107nost i mi moramo zajedno da radimo ukoliko \u017eelimo da \u017eivimo zajedno na istom mestu, sve to zarad bolje budu\u0107nosti.\u201c<\/p>\n<p>Preko 80 omladinaca svih zajednica na Kosovu po prvi put spojio je\u00a0 Kosovski omladinski festival, a posetioci su podelili sa nama utiske sa festivala.<\/p>\n<p>\u201eIzuzetno mi je drago \u0161to sam deo ovog festivala jer ovo je idealna prilika da se dru\u017eimo sa pripadnicima drugih zajednica\u201c, ka\u017ee Jovana Kosti\u0107 iz Preoca, student U\u010diteljskog fakulteta u Leposavi\u0107u, sa kojom se sla\u017ee i predstavnik NVO GAIA Kosovo, Jeremy Flauraud iz Francuske, koji napominje da treba negovati razli\u010ditosti, kako u kulturi, tako i u tradiciji i verovanjima.<\/p>\n<p>&#8220;Mislim da je jako bitno kako gledamo na raznovrsnost Kosova i kako mo\u017eemo dati svoj doprinos da zajedno stvaramo i \u017eivimo na ovim prostorima, ne isklju\u010duju\u0107i ni jednu zajednicu.\u00a0 Zato vam molim da se anga\u017eujete, poku\u0161ate da pomognete jedni drugima i poku\u0161ate da razumete druge zajednice koje \u017eive oko vas.&#8221;<\/p>\n<p>\u201eUNMIK radi na ujedinjenju zajednica i njihovoj ravnopravnosti, jer mi obi\u010dno nemamo priliku da se druzimo sa razli\u010ditim zajednicama, a na ovakvim okupljanjima mo\u017eemo da se zdru\u017eimo i ujedinimo\u201c, ka\u017ee u\u010desnik iz Pri\u0161tine, Donika Blaku.<\/p>\n<p>\u201eZdravo, ja sam An\u0111ela Ili\u0107, dolazim iz Lepine, student sam druge godine Medicine u Mitrovici. Drago mi je \u0161to sam deo ovog projekta do\u0161la sam sa drugaricama da se malo dru\u017eimo sa pripadnicima drugih nacija i provedemo jedan lep dan.\u201c<\/p>\n<p>Ilmi Hajdini, posetilac iz Gnjilana isti\u010de da je ovo jedinstvena prilika koju je vredelo iskoristiti, te da bi se rado prijavio ponovo.<\/p>\n<p>\u201eDanas sam ovde zato \u0161to su Ujedinjene nacije na Kosovu, zajedno sa grupom koja je dobila grant, realizirala projekat &#8220;Razli\u010dite kulture&#8221;. Ovo je idealna prilika da se upoznam sa razli\u010ditim kulturama i dru\u017eim sa\u00a0 osobama drugih zajednica.\u201c<\/p>\n<p>Pored dru\u017eenja u\u010desnici su imali prilike da razledaju arheolo\u0161ko nalazi\u0161te Ulpijana, etno selo Kukavica, ali i u\u010destvuju u brojnim igrama, kao i da probaju tradicionalnu hranu i pi\u0107e.<\/p>\n","protected":false},"excerpt":{"rendered":"<p>U cilju okupljanja omladine razli\u010ditih zajednica koje \u017eive i rade na Kosovu, \u010dlanovi neformalne grupe uz podr\u0161ku \u00a0Misije UN-a na Kosovu organizovali su prvi Kosovsko omladinski festival (Kosovo Youth Fest). Petar Ivi\u0107, jedan od organizatora ovog festivala zadovoljan je odzivom omladine i isti\u010de da je: \u201eCilj ovog festivala je upoznavanje drugih ljudi, upoznavanje sa njihovim&hellip;<\/p>\n","protected":false},"author":2,"featured_media":728,"comment_status":"open","ping_status":"open","sticky":false,"template":"","format":"standard","meta":{"footnotes":""},"categories":[2],"tags":[291,292],"class_list":["post-743","post","type-post","status-publish","format-standard","has-post-thumbnail","hentry","category-news","tag-kosovo-youth-fest","tag-petar-ivic","category-2","description-off"],"_links":{"self":[{"href":"https:\/\/radiokfor.com\/2\/wp-json\/wp\/v2\/posts\/743","targetHints":{"allow":["GET"]}}],"collection":[{"href":"https:\/\/radiokfor.com\/2\/wp-json\/wp\/v2\/posts"}],"about":[{"href":"https:\/\/radiokfor.com\/2\/wp-json\/wp\/v2\/types\/post"}],"author":[{"embeddable":true,"href":"https:\/\/radiokfor.com\/2\/wp-json\/wp\/v2\/users\/2"}],"replies":[{"embeddable":true,"href":"https:\/\/radiokfor.com\/2\/wp-json\/wp\/v2\/comments?post=743"}],"version-history":[{"count":1,"href":"https:\/\/radiokfor.com\/2\/wp-json\/wp\/v2\/posts\/743\/revisions"}],"predecessor-version":[{"id":745,"href":"https:\/\/radiokfor.com\/2\/wp-json\/wp\/v2\/posts\/743\/revisions\/745"}],"wp:featuredmedia":[{"embeddable":true,"href":"https:\/\/radiokfor.com\/2\/wp-json\/wp\/v2\/media\/728"}],"wp:attachment":[{"href":"https:\/\/radiokfor.com\/2\/wp-json\/wp\/v2\/media?parent=743"}],"wp:term":[{"taxonomy":"category","embeddable":true,"href":"https:\/\/radiokfor.com\/2\/wp-json\/wp\/v2\/categories?post=743"},{"taxonomy":"post_tag","embeddable":true,"href":"https:\/\/radiokfor.com\/2\/wp-json\/wp\/v2\/tags?post=743"}],"curies":[{"name":"wp","href":"https:\/\/api.w.org\/{rel}","templated":true}]}}