{"id":7264,"date":"2020-04-28T10:22:17","date_gmt":"2020-04-28T10:22:17","guid":{"rendered":"http:\/\/radiokfor.com\/2\/?p=7264"},"modified":"2020-04-28T10:22:17","modified_gmt":"2020-04-28T10:22:17","slug":"povecanom-zastitom-zdravlja-na-poslu-do-zaustavljanja-pandemije","status":"publish","type":"post","link":"https:\/\/radiokfor.com\/2\/povecanom-zastitom-zdravlja-na-poslu-do-zaustavljanja-pandemije\/","title":{"rendered":"Pove\u0107anom za\u0161titom zdravlja na poslu do zaustavljanja pandemije"},"content":{"rendered":"<p>U svetlu aktuelne globalne pandemije virusa KOVID-19, \u010dini se da bezbednost zdravlja na radu nikada nije bila potrebnije. Zato je i <a href=\"https:\/\/www.un.org\/en\/observances\/work-safety-day\">tema<\/a> ovogodi\u0161njeg obele\u017eavanja Svetskog dana bezbednosti zdravlja na radu: \u00a0Zaustavimo pandemiju \u2013 bezbednost i zdravlje na poslu mogu spasiti \u017eivote.<\/p>\n<p>Prepoznajuc\u0301i veliki izazov sa kojim se vlade, poslodavci, radnici i \u010ditava dru\u0161tva suo\u010davaju \u0161irom sveta u borbi protiv pandemije KOVID-19, Svetski dan bezbednosti i zdravlja na radu c\u0301e se usredsrediti na re\u0161avanje izbijanja zaraznih bolesti na radu, posebno na Kovid-19 pandemiju.<\/p>\n<p>Svetski dan bezbednosti zdravlja na radu imac\u0301e za cilj da podstakne nacionalni tripartitni dijalog o bezbednosti i zdravlju na radu.<\/p>\n<p>O va\u017enosti za\u0161tite zdravlja na radu u aktuelnoj situaciji, govori nam doktor Marina Madi\u0107.<\/p>\n<p>\u201eZa\u0161tita zdravlja na radu je ostvarivanje uslova rada u kojima se podrazumevaju odre\u0111ene mere u cilju za\u0161tite \u017eivota i zdravlja zaposlenih. U ineteresu je ostvariti najvi\u0161i nivo bezbednostii zdravlja na radu da se\u00a0 ne\u017eeljene posledice kao \u0161to su povrede na radu,profesionalne bolesti i bolesti u vezi\u00a0 sa radom svedu na minimum tj. na najmanju mogu\u0107u meru. \u0160to se trenutne situacije ti\u010de izazvane\u00a0 pandemijom\u00a0 KOVID -19 veoma je bitno no\u0161enje li\u010dne za\u0161titne opreme. Od \u010dega \u0107e se sastojati ta oprema zavisi koji se posao obavlja. Medicinsko osoblje je u obavezi da nosi adekvatnu opremu ukoliko stupa u kontakt sa licima za koje se sumnja da su oboleli od KOVID-19 ( skafanderi, viziri, nao\u010dare, maske, rukavice). Uz obaveznu upotrebu srestava za dezinfekciju. Tako\u0111e u ovoj situaciji su svi obavezni da nose masku i rukavice radi za\u0161tite svog zdravlja i zdravlja drugih gra\u0111ana.\u201c<\/p>\n<p><a href=\"https:\/\/www.ilo.org\/global\/lang--en\/index.htm\">Me\u0111unarodna organizacija rada (<strong>ILO<\/strong>)<\/a> je 2003. godine po\u010dela da pobele\u017eava Svetski dan da bi naglasila potrebu spre\u010davanja nesrec\u0301a i bolesti na radu, koristec\u0301i kapitalne prednosti tradicionalnih snaga ILO-a od tripartizma i socijalnog dijaloga.<\/p>\n<p>28. april je tako\u0111e Me\u0111unarodni dan obele\u017eavanja mrtvih i povre\u0111enih radnika koji \u0161irom sveta organizuju sindikalni pokreti od 1996. godine.<\/p>\n","protected":false},"excerpt":{"rendered":"<p>U svetlu aktuelne globalne pandemije virusa KOVID-19, \u010dini se da bezbednost zdravlja na radu nikada nije bila potrebnije. Zato je i tema ovogodi\u0161njeg obele\u017eavanja Svetskog dana bezbednosti zdravlja na radu: \u00a0Zaustavimo pandemiju \u2013 bezbednost i zdravlje na poslu mogu spasiti \u017eivote. Prepoznajuc\u0301i veliki izazov sa kojim se vlade, poslodavci, radnici i \u010ditava dru\u0161tva suo\u010davaju \u0161irom&hellip;<\/p>\n","protected":false},"author":2,"featured_media":7262,"comment_status":"closed","ping_status":"closed","sticky":false,"template":"","format":"standard","meta":{"footnotes":""},"categories":[2],"tags":[],"class_list":["post-7264","post","type-post","status-publish","format-standard","has-post-thumbnail","hentry","category-news","category-2","description-off"],"_links":{"self":[{"href":"https:\/\/radiokfor.com\/2\/wp-json\/wp\/v2\/posts\/7264","targetHints":{"allow":["GET"]}}],"collection":[{"href":"https:\/\/radiokfor.com\/2\/wp-json\/wp\/v2\/posts"}],"about":[{"href":"https:\/\/radiokfor.com\/2\/wp-json\/wp\/v2\/types\/post"}],"author":[{"embeddable":true,"href":"https:\/\/radiokfor.com\/2\/wp-json\/wp\/v2\/users\/2"}],"replies":[{"embeddable":true,"href":"https:\/\/radiokfor.com\/2\/wp-json\/wp\/v2\/comments?post=7264"}],"version-history":[{"count":1,"href":"https:\/\/radiokfor.com\/2\/wp-json\/wp\/v2\/posts\/7264\/revisions"}],"predecessor-version":[{"id":7265,"href":"https:\/\/radiokfor.com\/2\/wp-json\/wp\/v2\/posts\/7264\/revisions\/7265"}],"wp:featuredmedia":[{"embeddable":true,"href":"https:\/\/radiokfor.com\/2\/wp-json\/wp\/v2\/media\/7262"}],"wp:attachment":[{"href":"https:\/\/radiokfor.com\/2\/wp-json\/wp\/v2\/media?parent=7264"}],"wp:term":[{"taxonomy":"category","embeddable":true,"href":"https:\/\/radiokfor.com\/2\/wp-json\/wp\/v2\/categories?post=7264"},{"taxonomy":"post_tag","embeddable":true,"href":"https:\/\/radiokfor.com\/2\/wp-json\/wp\/v2\/tags?post=7264"}],"curies":[{"name":"wp","href":"https:\/\/api.w.org\/{rel}","templated":true}]}}