{"id":719,"date":"2018-07-09T13:27:29","date_gmt":"2018-07-09T13:27:29","guid":{"rendered":"http:\/\/radiokfor.com\/2\/?p=719"},"modified":"2018-11-28T13:29:11","modified_gmt":"2018-11-28T13:29:11","slug":"savrsen-sklad-hamida-isljamija-soleta","status":"publish","type":"post","link":"https:\/\/radiokfor.com\/2\/savrsen-sklad-hamida-isljamija-soleta\/","title":{"rendered":"&#8220;Savr\u0161en sklad&#8221; Hamida Isljamija \u0160oleta"},"content":{"rendered":"<p>U \u010ditaonici \u201eDarinka Jevri\u0107\u201c u Gra\u010danici odr\u017ean je knji\u017eevni \u010das ali i promocija knjige koja je privukla veliko interesovanje kako kulturnih radnika, tako i ljubitelja pisane re\u010di.<\/p>\n<p>Prisutnima je organizator, Dom kulture \u201eGra\u010danica\u201c, omogu\u0107io da se bli\u017ee upoznaju sa knjigom \u201eSavr\u0161en sklad\u201c autora Hamida Isljamija \u0160oleta, ali i njegovim \u017eivotom i stvarala\u0161tvom.<\/p>\n<p>O \u010doveku koji iza sebe ima deset knjiga poezije i proze, kao i nekoliko radova razli\u010ditih knji\u017eevnih \u010dasopisa govorili su prijatelji, kolege i porodica.<\/p>\n<p>Pesnik, esejista i knji\u017eevni kriti\u010dar Toni Perdi\u0107 isti\u010de da je pesnik, \u00a0Hamid Isljami \u0160ole, tematskim opsegom daleko prevazi\u0161ao svoj zavi\u010daj iako ga vezuju za isti.<\/p>\n<p>\u201eObi\u010dno je znao da prona\u0111e balans izme\u0111u ezoteri\u010dne poezije koja ne proizvodi neposredne emocije i poezije koja svojim odmerenim postupcima ostavlja celoviti i sna\u017ean utisak u celoj pesmi.\u201c<\/p>\n<p><img decoding=\"async\" src=\"https:\/\/scontent.fprx1-1.fna.fbcdn.net\/v\/t1.0-9\/36821244_1971018379596732_616444183409852416_n.jpg?_nc_cat=0&amp;oh=418bdf5c78d4ac6a99ec6567e6ebc8dd&amp;oe=5BE21E1E\" alt=\"\" \/>Pesnikov ro\u0111ak, Ze\u0107ir Zurali, govorio je o \u017eivotu Hamida Isljamija:<\/p>\n<p>\u201e\u0160ole je vizionarski predvideo \u0161ta \u0107e se desiti sa njegovim narodom i zbog toga je po\u010deo da pi\u0161e na svom maternjem jeziku. On je sa svojom poezijom uspeo da doka\u017ee i poka\u017ee da su Goranci narod koji je pustio duboko korenje na \u0160ar planini i Koritniku i \u0107e biti veoma te\u0161ko i\u0161\u010dupati ih.\u201c<\/p>\n<p>Promociji knjige \u201eSavr\u0161en sklad\u201c prisustvovao je po prvi put sin autora, Samir Isljami, koji se zahvalio organizatorima ali i svima koji su pomogli da se delo njegovog oca i doprinos koji je dao Goranskoj zajednici ne zaboravi.<\/p>\n<p>\u201eKoliko nama zna\u010di to ne mogu da opi\u0161em re\u010dima. Meni je stvarno drago \u0161to sam stigao da prisustvujem promociji. Nadam se da \u0107e se ovo nastaviti, da \u0107e moj otac i dalje \u017eiveti kroz svoja dela, on \u017eivi u na\u0161im srcima, ali poezija koju je pisao o Gori osta\u0107e i ja \u0107u sve u\u010diniti da se ne zaboravi, \u010dak \u0161to vi\u0161e da se pro\u0161iri.\u201c<\/p>\n<p>Na \u010dudesne stihove, pesmi o hladno\u0107i i smrti, gde je pesnik sam \u010din umiranja predstavio kao apsolutno ni\u0161tavilo, kao nadsmrt, kao ne\u0161to lepo, ukazao je novinar i knji\u017eevnik \u017divojin Rako\u010devi\u0107:<\/p>\n<p>\u201eSposobnost re\u010di odnosno pri\u010da da ubija i o\u017eivljava tra\u017ei jednu vrstu apsolutnog stvaraoca, posve\u0107enog smislu univerzalnih zakona koje pesma da bi postala deo \u017eivota mora da prekr\u0161i i poni\u0161ti. Prelaze\u0107i takve granice u vremenu koji stvaralac defini\u0161e kao vek vukova, kao vek zla, stvara novog umnika sposobnog da prelazi put od podsvesti do pakla.\u201c<\/p>\n<p>Profesorica sa Filozofskog fakulteta u Mitrovici, Mitra Relji\u0107, upotpunila je svojim obra\u0107anjem knji\u017eevni \u010das o Hamidu Isljamiju, te prisutnima, ljubiteljima lepe pisane re\u010di, govorila o Gori, Gorancima i na\u010dinu na koji je pisac istu opisao.<\/p>\n","protected":false},"excerpt":{"rendered":"<p>U \u010ditaonici \u201eDarinka Jevri\u0107\u201c u Gra\u010danici odr\u017ean je knji\u017eevni \u010das ali i promocija knjige koja je privukla veliko interesovanje kako kulturnih radnika, tako i ljubitelja pisane re\u010di. Prisutnima je organizator, Dom kulture \u201eGra\u010danica\u201c, omogu\u0107io da se bli\u017ee upoznaju sa knjigom \u201eSavr\u0161en sklad\u201c autora Hamida Isljamija \u0160oleta, ali i njegovim \u017eivotom i stvarala\u0161tvom. O \u010doveku koji&hellip;<\/p>\n","protected":false},"author":2,"featured_media":721,"comment_status":"open","ping_status":"open","sticky":false,"template":"","format":"standard","meta":{"footnotes":""},"categories":[2],"tags":[13,279,21,280],"class_list":["post-719","post","type-post","status-publish","format-standard","has-post-thumbnail","hentry","category-news","tag-gracanica","tag-citaonica-darinka-jevric","tag-dom-kulture-gracanica","tag-halid-isljami","category-2","description-off"],"_links":{"self":[{"href":"https:\/\/radiokfor.com\/2\/wp-json\/wp\/v2\/posts\/719","targetHints":{"allow":["GET"]}}],"collection":[{"href":"https:\/\/radiokfor.com\/2\/wp-json\/wp\/v2\/posts"}],"about":[{"href":"https:\/\/radiokfor.com\/2\/wp-json\/wp\/v2\/types\/post"}],"author":[{"embeddable":true,"href":"https:\/\/radiokfor.com\/2\/wp-json\/wp\/v2\/users\/2"}],"replies":[{"embeddable":true,"href":"https:\/\/radiokfor.com\/2\/wp-json\/wp\/v2\/comments?post=719"}],"version-history":[{"count":1,"href":"https:\/\/radiokfor.com\/2\/wp-json\/wp\/v2\/posts\/719\/revisions"}],"predecessor-version":[{"id":722,"href":"https:\/\/radiokfor.com\/2\/wp-json\/wp\/v2\/posts\/719\/revisions\/722"}],"wp:featuredmedia":[{"embeddable":true,"href":"https:\/\/radiokfor.com\/2\/wp-json\/wp\/v2\/media\/721"}],"wp:attachment":[{"href":"https:\/\/radiokfor.com\/2\/wp-json\/wp\/v2\/media?parent=719"}],"wp:term":[{"taxonomy":"category","embeddable":true,"href":"https:\/\/radiokfor.com\/2\/wp-json\/wp\/v2\/categories?post=719"},{"taxonomy":"post_tag","embeddable":true,"href":"https:\/\/radiokfor.com\/2\/wp-json\/wp\/v2\/tags?post=719"}],"curies":[{"name":"wp","href":"https:\/\/api.w.org\/{rel}","templated":true}]}}