{"id":7055,"date":"2020-04-12T08:17:51","date_gmt":"2020-04-12T08:17:51","guid":{"rendered":"http:\/\/radiokfor.com\/2\/?p=7055"},"modified":"2020-04-12T08:17:51","modified_gmt":"2020-04-12T08:17:51","slug":"dan-kada-su-se-ljudi-vinuli-u-zvezde","status":"publish","type":"post","link":"https:\/\/radiokfor.com\/2\/dan-kada-su-se-ljudi-vinuli-u-zvezde\/","title":{"rendered":"Dan kada su se ljudi vinuli u zvezde"},"content":{"rendered":"<p>Zlatna plo\u010da koja je, zajedno s svemirskom sondom Vojad\u017eer, poslata u svemir 1977. godine sa porukom \u010dove\u010danstva kosmosu \u2013 decenijama kasnije i dalje stoji kao podsetnik da smo svi povezani.<\/p>\n<p>Pre toga, ta\u010dnije 12. aprila 1961. godine, sovjetski kosmonaut Jurij Gagarin je postao prvo ljudsko bi\u0107e koje je oti\u0161lo u svemir. Ovaj istorijski doga\u0111aj je otvorio put istra\u017eivanju svemira na dobrobit svih ljudi i smatra se po\u010detkom svemirske ere za \u010dove\u010danstvo.<\/p>\n<p>O zna\u010daju ovog doga\u0111aja, govorila je Pranvera Hiseni, osniva\u010d \u201e<em>Astronomy Outreach of Kosovo<\/em>\u201d.<\/p>\n<p>\u201cOva organizacija ima za cilj da astronomiju kao nauku u\u010dini popularnom i edukuje mlade o ljudskim letovima u svemir donose\u0107i pri\u010de o kosmonautima od \u0161ezdesetih godina pro\u0161log veka do danas i o njihovim u\u010de\u0161\u0107ima na raznim svemirskim misijama.\u201d<\/p>\n<p>Generalna skup\u0161tina UN-a je 2011, 12. april proglasila Me\u0111unarodnim danom ljudskog svemirskog leta \u201eda bi svake godine na me\u0111unarodnom nivou obele\u017eila po\u010detak svemirske ere za \u010dove\u010danstvo, potvr\u0111ujuc\u0301i ponovo va\u017ean doprinos svemirske nauke i tehnologije u postizanju ciljeva odr\u017eivog razvoja i povec\u0301anju blagostanja dr\u017eava i naroda, kao i osiguravanju realizacije njihove te\u017enje za odr\u017eavanjem svemira u miroljubive svrhe.&#8221;<\/p>\n<p>Jurij Gagarin je upravljao svemirskim letom <strong>Vostok 1<\/strong> &#8211; 12.aprila 1961. godine, preletev\u0161i jednu orbitu oko Zemlje tokom 108 minuta u svemirskoj letelici <strong>Vostok 3KA<\/strong>.<\/p>\n","protected":false},"excerpt":{"rendered":"<p>Zlatna plo\u010da koja je, zajedno s svemirskom sondom Vojad\u017eer, poslata u svemir 1977. godine sa porukom \u010dove\u010danstva kosmosu \u2013 decenijama kasnije i dalje stoji kao podsetnik da smo svi povezani. Pre toga, ta\u010dnije 12. aprila 1961. godine, sovjetski kosmonaut Jurij Gagarin je postao prvo ljudsko bi\u0107e koje je oti\u0161lo u svemir. Ovaj istorijski doga\u0111aj je&hellip;<\/p>\n","protected":false},"author":2,"featured_media":7056,"comment_status":"closed","ping_status":"closed","sticky":false,"template":"","format":"standard","meta":{"footnotes":""},"categories":[2],"tags":[2125,185,2124,2123],"class_list":["post-7055","post","type-post","status-publish","format-standard","has-post-thumbnail","hentry","category-news","tag-jurij-gagarin","tag-medunarodni-dan","tag-prvi-covek-u-svemiru","tag-svemirski-let","category-2","description-off"],"_links":{"self":[{"href":"https:\/\/radiokfor.com\/2\/wp-json\/wp\/v2\/posts\/7055","targetHints":{"allow":["GET"]}}],"collection":[{"href":"https:\/\/radiokfor.com\/2\/wp-json\/wp\/v2\/posts"}],"about":[{"href":"https:\/\/radiokfor.com\/2\/wp-json\/wp\/v2\/types\/post"}],"author":[{"embeddable":true,"href":"https:\/\/radiokfor.com\/2\/wp-json\/wp\/v2\/users\/2"}],"replies":[{"embeddable":true,"href":"https:\/\/radiokfor.com\/2\/wp-json\/wp\/v2\/comments?post=7055"}],"version-history":[{"count":1,"href":"https:\/\/radiokfor.com\/2\/wp-json\/wp\/v2\/posts\/7055\/revisions"}],"predecessor-version":[{"id":7057,"href":"https:\/\/radiokfor.com\/2\/wp-json\/wp\/v2\/posts\/7055\/revisions\/7057"}],"wp:featuredmedia":[{"embeddable":true,"href":"https:\/\/radiokfor.com\/2\/wp-json\/wp\/v2\/media\/7056"}],"wp:attachment":[{"href":"https:\/\/radiokfor.com\/2\/wp-json\/wp\/v2\/media?parent=7055"}],"wp:term":[{"taxonomy":"category","embeddable":true,"href":"https:\/\/radiokfor.com\/2\/wp-json\/wp\/v2\/categories?post=7055"},{"taxonomy":"post_tag","embeddable":true,"href":"https:\/\/radiokfor.com\/2\/wp-json\/wp\/v2\/tags?post=7055"}],"curies":[{"name":"wp","href":"https:\/\/api.w.org\/{rel}","templated":true}]}}