{"id":6922,"date":"2020-04-02T07:25:39","date_gmt":"2020-04-02T07:25:39","guid":{"rendered":"http:\/\/radiokfor.com\/2\/?p=6922"},"modified":"2020-04-02T07:25:39","modified_gmt":"2020-04-02T07:25:39","slug":"svetski-dan-podizanja-svesti-o-autizmu","status":"publish","type":"post","link":"https:\/\/radiokfor.com\/2\/svetski-dan-podizanja-svesti-o-autizmu\/","title":{"rendered":"Svetski dan podizanja svesti o autizmu"},"content":{"rendered":"<p>Autizam se ne le\u010di, sa autizmom se \u017eivi, a poslednjih godina taj poreme\u0107aj se javlja u sve ve\u0107em broju sa mnogo \u0161irim spektrom u odnosu na prethodni vek.<\/p>\n<p>Svetski dan osoba sa autizmom, 2. april, ustanovljen je 2007. godine odlukom Generalne skup\u0161tine Ujedinjenih nacija, a za boju autizma je odabrana plava.<br \/>\nTime se simboli\u010dno poru\u010duje da je va\u017eno da svi prihvate razlike, i da pomognu onima kojima je to potrebno.<\/p>\n<p>Na osnovu \u010dinjeni\u010dnih podataka, dobijenih nau\u010dnim istra\u017eivanjem, danas znamo da autizam nije retka pojava, a ukoliko se u obzir uzme ceo spektar autisti\u010dnih poreme\u0107aja, ova vrsta poreme\u0107aja obuhvata 0,6% ukupne populacije.<\/p>\n<p>Razli\u010dite akcije o podizanju svesti na vi\u0161i, globalni nivo,\u00a0 doprinose da osobe sa autizmom lak\u0161e na\u0111u svoje mesto u dru\u0161tvu. To je put ka inkluzivnom dru\u0161tvu u kome \u0107e sa autizmom imati iste mogu\u0107nosti, kao i svi ostali \u010dlanovi dru\u0161tva, bez obzira na razli\u010ditost.<\/p>\n<p>&nbsp;<\/p>\n<p><em>\u00a0<\/em><\/p>\n<p>&nbsp;<\/p>\n<p>&nbsp;<\/p>\n","protected":false},"excerpt":{"rendered":"<p>Autizam se ne le\u010di, sa autizmom se \u017eivi, a poslednjih godina taj poreme\u0107aj se javlja u sve ve\u0107em broju sa mnogo \u0161irim spektrom u odnosu na prethodni vek. Svetski dan osoba sa autizmom, 2. april, ustanovljen je 2007. godine odlukom Generalne skup\u0161tine Ujedinjenih nacija, a za boju autizma je odabrana plava. Time se simboli\u010dno poru\u010duje&hellip;<\/p>\n","protected":false},"author":2,"featured_media":6923,"comment_status":"closed","ping_status":"closed","sticky":false,"template":"","format":"standard","meta":{"footnotes":""},"categories":[2],"tags":[],"class_list":["post-6922","post","type-post","status-publish","format-standard","has-post-thumbnail","hentry","category-news","category-2","description-off"],"_links":{"self":[{"href":"https:\/\/radiokfor.com\/2\/wp-json\/wp\/v2\/posts\/6922","targetHints":{"allow":["GET"]}}],"collection":[{"href":"https:\/\/radiokfor.com\/2\/wp-json\/wp\/v2\/posts"}],"about":[{"href":"https:\/\/radiokfor.com\/2\/wp-json\/wp\/v2\/types\/post"}],"author":[{"embeddable":true,"href":"https:\/\/radiokfor.com\/2\/wp-json\/wp\/v2\/users\/2"}],"replies":[{"embeddable":true,"href":"https:\/\/radiokfor.com\/2\/wp-json\/wp\/v2\/comments?post=6922"}],"version-history":[{"count":1,"href":"https:\/\/radiokfor.com\/2\/wp-json\/wp\/v2\/posts\/6922\/revisions"}],"predecessor-version":[{"id":6924,"href":"https:\/\/radiokfor.com\/2\/wp-json\/wp\/v2\/posts\/6922\/revisions\/6924"}],"wp:featuredmedia":[{"embeddable":true,"href":"https:\/\/radiokfor.com\/2\/wp-json\/wp\/v2\/media\/6923"}],"wp:attachment":[{"href":"https:\/\/radiokfor.com\/2\/wp-json\/wp\/v2\/media?parent=6922"}],"wp:term":[{"taxonomy":"category","embeddable":true,"href":"https:\/\/radiokfor.com\/2\/wp-json\/wp\/v2\/categories?post=6922"},{"taxonomy":"post_tag","embeddable":true,"href":"https:\/\/radiokfor.com\/2\/wp-json\/wp\/v2\/tags?post=6922"}],"curies":[{"name":"wp","href":"https:\/\/api.w.org\/{rel}","templated":true}]}}