{"id":6898,"date":"2020-03-31T14:02:34","date_gmt":"2020-03-31T14:02:34","guid":{"rendered":"http:\/\/radiokfor.com\/2\/?p=6898"},"modified":"2020-03-31T14:02:34","modified_gmt":"2020-03-31T14:02:34","slug":"kultura-uvek-pronade-put","status":"publish","type":"post","link":"https:\/\/radiokfor.com\/2\/kultura-uvek-pronade-put\/","title":{"rendered":"Kultura uvek prona\u0111e put!"},"content":{"rendered":"<p>U danima kada ne mo\u017eemo da pose\u0107ujemo kulturne doga\u0111aje, Dom kulture Gra\u010danica jo\u0161 jednom je pokazao da brine da kulturnog sadr\u017eaja i ovih dana ne manjka.<\/p>\n<p>Dom kulture Gra\u010danica \u0107e na svojoj <a href=\"https:\/\/www.facebook.com\/domkulturegracanica\/\">fejsbuk stranici<\/a>\u00a0 svakog radnog dana, nuditi razli\u010dite sadr\u017eaje.<\/p>\n<p><strong>Ponedeljkom<\/strong> \u0107ete mo\u0107i da pratite muzi\u010dke sadr\u017eaje kao \u0161to su koncert Simfonijskog orkestra RTS-a, Big Benda,\u00a0 ali i baletsku predstavu i festival \u201eMedimus\u201c u Prizrenu.<\/p>\n<p><strong>Utorak<\/strong> je dan za izlo\u017ebe i slikarstvo a<strong> sreda<\/strong> za pozori\u0161ne predstave, pre svega one namenjene deci. Predstave \u0107e biti igrane bez publike ili \u0107e se prikazivati predstave iz arhive Amaterskog pozori\u0161ta \u201eJani\u0107ije Popovi\u0107\u201c.<\/p>\n<p>Kao \u0161to smo i navikli,<strong> \u010detvrtak<\/strong> je dan za bioskop. Ali, na\u017ealost ne za filmske premijere ve\u0107 se prikazivati filmovi po preporuci re\u017eisera Milutina Petrovi\u0107a iz njegove knjige \u201e52 idealna filmska vikenda\u201c.<\/p>\n<p><strong>Petak<\/strong> je dan knji\u017eevnog programa i tribina. Mo\u0107i \u0107ete u\u017eivo da pratite knji\u017eevne \u010dasove i tribine. Urednici knji\u017eevnih programa preporu\u010di\u0107e vam veliki broj knjiga za \u010ditanje.<\/p>\n<p>Ukoliko postoji jo\u0161 ne\u0161to \u0161to bi ste \u017eeleli da Dom kulture Gra\u010danica prikazuje ovih dana, pi\u0161ite im na <a href=\"mailto:domkulturegracanica@gmail.com\">domkulturegracanica@gmail.com<\/a>, a ukoliko ste se pitali kako da kvalitetno provedete svoje vreme sa porodicom dok ste kod ku\u0107e, na <a href=\"https:\/\/radiokfor.com\/2\/kako-da-provedete-kvalitetno-vreme-sa-svojom-porodicom\/\">sajtu<\/a> na\u0161eg radija mo\u017eete na\u0107i nekoliko predloga.<\/p>\n","protected":false},"excerpt":{"rendered":"<p>U danima kada ne mo\u017eemo da pose\u0107ujemo kulturne doga\u0111aje, Dom kulture Gra\u010danica jo\u0161 jednom je pokazao da brine da kulturnog sadr\u017eaja i ovih dana ne manjka. Dom kulture Gra\u010danica \u0107e na svojoj fejsbuk stranici\u00a0 svakog radnog dana, nuditi razli\u010dite sadr\u017eaje. Ponedeljkom \u0107ete mo\u0107i da pratite muzi\u010dke sadr\u017eaje kao \u0161to su koncert Simfonijskog orkestra RTS-a, Big&hellip;<\/p>\n","protected":false},"author":2,"featured_media":1717,"comment_status":"closed","ping_status":"closed","sticky":false,"template":"","format":"standard","meta":{"footnotes":""},"categories":[2],"tags":[21,604],"class_list":["post-6898","post","type-post","status-publish","format-standard","has-post-thumbnail","hentry","category-news","tag-dom-kulture-gracanica","tag-kultura","category-2","description-off"],"_links":{"self":[{"href":"https:\/\/radiokfor.com\/2\/wp-json\/wp\/v2\/posts\/6898","targetHints":{"allow":["GET"]}}],"collection":[{"href":"https:\/\/radiokfor.com\/2\/wp-json\/wp\/v2\/posts"}],"about":[{"href":"https:\/\/radiokfor.com\/2\/wp-json\/wp\/v2\/types\/post"}],"author":[{"embeddable":true,"href":"https:\/\/radiokfor.com\/2\/wp-json\/wp\/v2\/users\/2"}],"replies":[{"embeddable":true,"href":"https:\/\/radiokfor.com\/2\/wp-json\/wp\/v2\/comments?post=6898"}],"version-history":[{"count":1,"href":"https:\/\/radiokfor.com\/2\/wp-json\/wp\/v2\/posts\/6898\/revisions"}],"predecessor-version":[{"id":6900,"href":"https:\/\/radiokfor.com\/2\/wp-json\/wp\/v2\/posts\/6898\/revisions\/6900"}],"wp:featuredmedia":[{"embeddable":true,"href":"https:\/\/radiokfor.com\/2\/wp-json\/wp\/v2\/media\/1717"}],"wp:attachment":[{"href":"https:\/\/radiokfor.com\/2\/wp-json\/wp\/v2\/media?parent=6898"}],"wp:term":[{"taxonomy":"category","embeddable":true,"href":"https:\/\/radiokfor.com\/2\/wp-json\/wp\/v2\/categories?post=6898"},{"taxonomy":"post_tag","embeddable":true,"href":"https:\/\/radiokfor.com\/2\/wp-json\/wp\/v2\/tags?post=6898"}],"curies":[{"name":"wp","href":"https:\/\/api.w.org\/{rel}","templated":true}]}}